{"id":21839,"date":"2026-04-20T17:21:59","date_gmt":"2026-04-20T17:21:59","guid":{"rendered":"https:\/\/strefa24.biz.ua\/?p=21839"},"modified":"2026-04-20T17:21:59","modified_gmt":"2026-04-20T17:21:59","slug":"selfie-zrobione-tuz-przed-smiercia-trojki-przyjaciol-ujawnia-szczegol-ktorego-wczesniej-nie-zauwazyli-5","status":"publish","type":"post","link":"https:\/\/strefa24.biz.ua\/?p=21839","title":{"rendered":"Selfie zrobione tu\u017c przed \u015bmierci\u0105 tr\u00f3jki przyjaci\u00f3\u0142 ujawnia szczeg\u00f3\u0142, kt\u00f3rego wcze\u015bniej nie zauwa\u017cyli."},"content":{"rendered":"\n<p>Pozornie niegro\u017ane selfie przybra\u0142o tragiczny obr\u00f3t dla trzech ameryka\u0144skich nastolatek, zmieniaj\u0105c dzie\u0144 pe\u0142en przyg\u00f3d w druzgoc\u0105cy dramat. Kto m\u00f3g\u0142 przypuszcza\u0107, \u017ce zwyk\u0142e zdj\u0119cie na torach kolejowych sko\u0144czy si\u0119 tak tragicznie?<\/p>\n\n\n\n<h2 class=\"wp-block-heading\">Trzech przyjaci\u00f3\u0142 robi sobie selfie przy torach kolejowych(1\/12)<\/h2>\n\n\n\n<p>W 2011 roku w stanie Utah tr\u00f3jka m\u0142odych przyjaci\u00f3\u0142, pasjonat\u00f3w poci\u0105g\u00f3w, postanowi\u0142a uwieczni\u0107 niezapomniany moment w pobli\u017cu tor\u00f3w kolejowych w kanionie Covered Bridge. To, co mia\u0142o by\u0107 zwyczajn\u0105 wycieczk\u0105, przerodzi\u0142o si\u0119 w tragedi\u0119, gdy zza nich bezszelestnie nadjecha\u0142 poci\u0105g \u2013 \u015bmiertelne zagro\u017cenie, kt\u00f3rego nie przewidzieli.<\/p>\n\n\n\n<p><img loading=\"lazy\" decoding=\"async\" src=\"https:\/\/www.viepratique.fr\/wp-content\/uploads\/sites\/4\/2025\/06\/trois-amies-prenant-un-selfie-pres-des-voies-ferrees-750x365.jpg\" width=\"750\" height=\"365\">\u00a9 Savannah Webster<\/p>\n\n\n\n<h2 class=\"wp-block-heading\">Nastolatki rozproszone przez jeden poci\u0105g, ignoruj\u0105ce drugi(2\/12)<\/h2>\n\n\n\n<p>Te nastolatki, zafascynowane nadje\u017cd\u017caj\u0105cym poci\u0105giem, nie zauwa\u017cy\u0142y \u200b\u200bdrugiego poci\u0105gu zbli\u017caj\u0105cego si\u0119 z du\u017c\u0105 pr\u0119dko\u015bci\u0105. Na selfie wida\u0107 intensywne odbicie reflektor\u00f3w poci\u0105gu \u2013 ciche ostrze\u017cenie, kt\u00f3rego nie us\u0142ysza\u0142y.<\/p>\n\n\n\n<p><img loading=\"lazy\" decoding=\"async\" src=\"https:\/\/www.viepratique.fr\/wp-content\/uploads\/sites\/4\/2025\/06\/adolescentes-distraites-par-un-train-ignorant-lautre-619x410.jpg\" width=\"619\" height=\"410\">\u00a9 Facebook<\/p>\n\n\n\n<h2 class=\"wp-block-heading\">Maszynista bezsilny wobec tragedii(3\/12)<\/h2>\n\n\n\n<p>John Anderson, maszynista poci\u0105gu, i jego kolega bezradnie obserwowali rozw\u00f3j sytuacji. Pomimo pr\u00f3b ostrze\u017cenia, nastolatki nie zareagowa\u0142y. Essa i Kelsea zgin\u0119\u0142y, a Savannah, ci\u0119\u017cko ranna, trafi\u0142a do szpitala.<\/p>\n\n\n\n<p><img loading=\"lazy\" decoding=\"async\" src=\"https:\/\/www.viepratique.fr\/wp-content\/uploads\/sites\/4\/2025\/06\/conducteur-de-train-impuissant-face-a-la-tragedie-547x410.jpg\" width=\"547\" height=\"410\">\u00a9 Shutterstock<\/p>\n\n\n\n<h2 class=\"wp-block-heading\">Trudna decyzja dla rodziny Savannah&nbsp;(4\/12)<\/h2>\n\n\n\n<p>Savannah, cho\u0107 \u017cywa w momencie przybycia do szpitala, dozna\u0142a nieodwracalnego uszkodzenia m\u00f3zgu. Jej rodzina musia\u0142a podj\u0105\u0107 bolesn\u0105 decyzj\u0119 o jej \u015bmierci. Jayna Webster, jej matka, wyrazi\u0142a sw\u00f3j smutek, t\u0142umacz\u0105c, \u017ce Savannah nie wyzdrowieje.<\/p>\n\n\n\n<p><img loading=\"lazy\" decoding=\"async\" src=\"https:\/\/www.viepratique.fr\/wp-content\/uploads\/sites\/4\/2025\/06\/decision-difficile-pour-la-famille-de-savannah-1024x977.jpg\" width=\"1024\" height=\"977\">\u00a9 Facebook<\/p>\n\n\n\n<h2 class=\"wp-block-heading\">Tragiczne selfie, symbol niebezpiecze\u0144stw na kolei.&nbsp;(5\/12)<\/h2>\n\n\n\n<p>Tragiczne selfie, kt\u00f3rym Savannah podzieli\u0142a si\u0119 na Facebooku kr\u00f3tko przed wypadkiem, zyska\u0142o z\u0142\u0105 s\u0142aw\u0119. Zdj\u0119cie sta\u0142o si\u0119 symbolem niebezpiecze\u0144stw zwi\u0105zanych z rozproszeniem uwagi na torach kolejowych.<\/p>\n\n\n\n<p><img loading=\"lazy\" decoding=\"async\" src=\"https:\/\/www.viepratique.fr\/wp-content\/uploads\/sites\/4\/2025\/06\/selfie-tragique-symbole-des-dangers-ferroviaires-1024x768.jpg\" width=\"1024\" height=\"768\">\u00a9 Facebook<\/p>\n\n\n\n<h2 class=\"wp-block-heading\">Ryzyko robienia sobie selfie w pobli\u017cu tor\u00f3w kolejowych&nbsp;(6\/12)<\/h2>\n\n\n\n<p>Sier\u017cant Spencer Cannon wyja\u015bni\u0142, \u017ce dziewcz\u0119ta zignorowa\u0142y drugi poci\u0105g nadje\u017cd\u017caj\u0105cy z naprzeciwka. Ten incydent uwypukli\u0142 ryzyko zwi\u0105zane z robieniem sobie selfie w niebezpiecznych miejscach.<\/p>\n\n\n\n<p><img loading=\"lazy\" decoding=\"async\" src=\"https:\/\/www.viepratique.fr\/wp-content\/uploads\/sites\/4\/2025\/06\/risques-des-selfies-pres-des-voies-ferrees-1024x461.jpg\" width=\"1024\" height=\"461\">\u00a9 Shutterstock<\/p>\n\n\n\n<h2 class=\"wp-block-heading\">Kampanie podnosz\u0105ce \u015bwiadomo\u015b\u0107 bezpiecze\u0144stwa kolei&nbsp;(7\/12)<\/h2>\n\n\n\n<p>Od czasu tej tragedii ruszy\u0142y liczne kampanie informacyjne, ostrzegaj\u0105ce przed niebezpiecze\u0144stwami zwi\u0105zanymi z robieniem zdj\u0119\u0107 na torach kolejowych. Ta historia przypomina o tym, jak wa\u017cna jest czujno\u015b\u0107 i bezpiecze\u0144stwo.<\/p>\n\n\n\n<p><img loading=\"lazy\" decoding=\"async\" src=\"https:\/\/www.viepratique.fr\/wp-content\/uploads\/sites\/4\/2025\/06\/campagnes-de-sensibilisation-aux-dangers-ferroviaires-1024x756.jpg\" width=\"1024\" height=\"756\">\u00a9 Shutterstock<\/p>\n\n\n\n<h2 class=\"wp-block-heading\">Maszyni\u015bci i konieczno\u015b\u0107 zachowania czujno\u015bci&nbsp;(8\/12)<\/h2>\n\n\n\n<p>Relacje maszynist\u00f3w podkre\u015blaj\u0105 potrzeb\u0119 zachowania czujno\u015bci wobec otoczenia. John Anderson wspomina, jak powiedzia\u0142 Savannah, \u017ce wszystko b\u0119dzie dobrze, maj\u0105c nadziej\u0119, \u017ce uda jej si\u0119 prze\u017cy\u0107.<\/p>\n\n\n\n<p><img loading=\"lazy\" decoding=\"async\" src=\"https:\/\/www.viepratique.fr\/wp-content\/uploads\/sites\/4\/2025\/06\/conducteurs-de-train-et-necessite-de-la-vigilance-1024x683.jpg\" width=\"1024\" height=\"683\">\u00a9 Shutterstock<\/p>\n\n\n\n<h2 class=\"wp-block-heading\">Wp\u0142yw medi\u00f3w spo\u0142eczno\u015bciowych na zachowania m\u0142odych ludzi&nbsp;(9\/12)<\/h2>\n\n\n\n<p>Incydent ten zwr\u00f3ci\u0142 r\u00f3wnie\u017c uwag\u0119 na wp\u0142yw medi\u00f3w spo\u0142eczno\u015bciowych i selfie na zachowanie m\u0142odych ludzi. Rodzice i nauczyciele proszeni s\u0105 o edukowanie m\u0142odzie\u017cy na temat potencjalnych zagro\u017ce\u0144.<\/p>\n\n\n\n<p><img loading=\"lazy\" decoding=\"async\" src=\"https:\/\/www.viepratique.fr\/wp-content\/uploads\/sites\/4\/2025\/06\/impact-des-reseaux-sociaux-sur-le-comportement-des-jeunes-1024x683.jpg\" width=\"1024\" height=\"683\">\u00a9 Shutterstock<\/p>\n\n\n\n<h2 class=\"wp-block-heading\">Podnoszenie \u015bwiadomo\u015bci w celu zapobiegania&nbsp;(10\/12)<\/h2>\n\n\n\n<p>Ku pami\u0119ci m\u0142odych dziewcz\u0105t zainicjowano inicjatywy maj\u0105ce na celu edukacj\u0119 m\u0142odzie\u017cy na temat zagro\u017ce\u0144 zwi\u0105zanych z rozpraszaniem uwagi w pobli\u017cu tor\u00f3w kolejowych. Kampanie te maj\u0105 na celu zapobieganie przysz\u0142ym tragediom.<\/p>\n\n\n\n<p><img loading=\"lazy\" decoding=\"async\" src=\"https:\/\/www.viepratique.fr\/wp-content\/uploads\/sites\/4\/2025\/06\/sensibiliser-pour-prevenir-1024x595.jpg\" width=\"1024\" height=\"595\">\u00a9 Shutterstock<\/p>\n\n\n\n<h2 class=\"wp-block-heading\">Przypomnienie o konsekwencjach rozproszenia uwagi&nbsp;(11\/12)<\/h2>\n\n\n\n<p>Ta historia przypomina o konsekwencjach rozproszenia uwagi i braku czujno\u015bci. Zach\u0119ca do refleksji nad naszymi codziennymi zachowaniami i interakcjami z otoczeniem.<\/p>\n\n\n\n<p><img loading=\"lazy\" decoding=\"async\" src=\"https:\/\/www.viepratique.fr\/wp-content\/uploads\/sites\/4\/2025\/06\/rappel-des-consequences-des-distractions-1024x683.jpg\" width=\"1024\" height=\"683\">\u00a9 Shutterstock<\/p>\n\n\n\n<h2 class=\"wp-block-heading\">Historia, kt\u00f3ra podnosi \u015bwiadomo\u015b\u0107 i przypomina nam o konieczno\u015bci zachowania ostro\u017cno\u015bci.&nbsp;(12\/12)<\/h2>\n\n\n\n<p>Historia tych trzech m\u0142odych dziewcz\u0105t wci\u0105\u017c porusza i podnosi \u015bwiadomo\u015b\u0107 na ca\u0142ym \u015bwiecie. Przypomina nam, \u017ce liczy si\u0119 ka\u017cda chwila i \u017ce ostro\u017cno\u015b\u0107 jest niezb\u0119dna.<\/p>\n","protected":false},"excerpt":{"rendered":"Pozornie niegro\u017ane selfie przybra\u0142o tragiczny obr\u00f3t dla trzech ameryka\u0144skich nastolatek, zmieniaj\u0105c dzie\u0144 pe\u0142en przyg\u00f3d w druzgoc\u0105cy dramat. Kto m\u00f3g\u0142 przypuszcza\u0107, \u017ce zwyk\u0142e zdj\u0119cie \n<a class=\"moretag\" href=\"https:\/\/strefa24.biz.ua\/?p=21839\"> [...]<\/a>","protected":false},"author":1,"featured_media":21840,"comment_status":"open","ping_status":"open","sticky":false,"template":"","format":"standard","meta":{"footnotes":""},"categories":[1],"tags":[],"class_list":["post-21839","post","type-post","status-publish","format-standard","has-post-thumbnail","hentry","category-blog"],"_links":{"self":[{"href":"https:\/\/strefa24.biz.ua\/index.php?rest_route=\/wp\/v2\/posts\/21839","targetHints":{"allow":["GET"]}}],"collection":[{"href":"https:\/\/strefa24.biz.ua\/index.php?rest_route=\/wp\/v2\/posts"}],"about":[{"href":"https:\/\/strefa24.biz.ua\/index.php?rest_route=\/wp\/v2\/types\/post"}],"author":[{"embeddable":true,"href":"https:\/\/strefa24.biz.ua\/index.php?rest_route=\/wp\/v2\/users\/1"}],"replies":[{"embeddable":true,"href":"https:\/\/strefa24.biz.ua\/index.php?rest_route=%2Fwp%2Fv2%2Fcomments&post=21839"}],"version-history":[{"count":1,"href":"https:\/\/strefa24.biz.ua\/index.php?rest_route=\/wp\/v2\/posts\/21839\/revisions"}],"predecessor-version":[{"id":21841,"href":"https:\/\/strefa24.biz.ua\/index.php?rest_route=\/wp\/v2\/posts\/21839\/revisions\/21841"}],"wp:featuredmedia":[{"embeddable":true,"href":"https:\/\/strefa24.biz.ua\/index.php?rest_route=\/wp\/v2\/media\/21840"}],"wp:attachment":[{"href":"https:\/\/strefa24.biz.ua\/index.php?rest_route=%2Fwp%2Fv2%2Fmedia&parent=21839"}],"wp:term":[{"taxonomy":"category","embeddable":true,"href":"https:\/\/strefa24.biz.ua\/index.php?rest_route=%2Fwp%2Fv2%2Fcategories&post=21839"},{"taxonomy":"post_tag","embeddable":true,"href":"https:\/\/strefa24.biz.ua\/index.php?rest_route=%2Fwp%2Fv2%2Ftags&post=21839"}],"curies":[{"name":"wp","href":"https:\/\/api.w.org\/{rel}","templated":true}]}}