{"id":21851,"date":"2026-04-21T11:34:18","date_gmt":"2026-04-21T11:34:18","guid":{"rendered":"https:\/\/strefa24.biz.ua\/?p=21851"},"modified":"2026-04-21T11:34:18","modified_gmt":"2026-04-21T11:34:18","slug":"tusk-w-srodku-nocy-dostal-sms-od-macrona-wlasnie-ujawnil-jego-tresc","status":"publish","type":"post","link":"https:\/\/strefa24.biz.ua\/?p=21851","title":{"rendered":"Tusk w \u015brodku nocy dosta\u0142 SMS od Macrona. W\u0142a\u015bnie ujawni\u0142 jego tre\u015b\u0107"},"content":{"rendered":"\n<p>Wizyta prezydenta Francji w Gda\u0144sku od pocz\u0105tku by\u0142a szeroko komentowana, jednak dopiero po jej zako\u0144czeniu zacz\u0119\u0142y wychodzi\u0107 na jaw kulisy, kt\u00f3re nada\u0142y ca\u0142emu wydarzeniu zupe\u0142nie inny, bardziej osobisty wymiar.<\/p>\n\n\n\n<p>Cho\u0107 oficjalne komunikaty skupia\u0142y si\u0119 g\u0142\u00f3wnie na rozmowach politycznych i wsp\u00f3\u0142pracy mi\u0119dzynarodowej, to w\u0142a\u015bnie nieformalne momenty i reakcje samych uczestnik\u00f3w przyci\u0105gn\u0119\u0142y najwi\u0119ksz\u0105 uwag\u0119 opinii publicznej.<\/p>\n\n\n\n<p>Z ka\u017cd\u0105 kolejn\u0105 relacj\u0105 by\u0142o wida\u0107, \u017ce ta wizyta nie by\u0142a jedynie kolejnym punktem w dyplomatycznym kalendarzu, lecz czym\u015b, co wywo\u0142a\u0142o realne emocje po obu stronach.<\/p>\n\n\n\n<p>Atmosfera, kt\u00f3ra zrobi\u0142a ogromne wra\u017cenie<\/p>\n\n\n\n<p>Ju\u017c w trakcie wizyty mo\u017cna by\u0142o zauwa\u017cy\u0107, \u017ce przyj\u0119cie francuskiego prezydenta odbiega od typowego protoko\u0142u dyplomatycznego.<\/p>\n\n\n\n<p>Na ulicach Gda\u0144ska pojawi\u0142y si\u0119 t\u0142umy mieszka\u0144c\u00f3w, kt\u00f3rzy nie tylko obserwowali wydarzenia z dystansu, ale aktywnie witali go\u015bcia, tworz\u0105c wyj\u0105tkow\u0105 atmosfer\u0119.<\/p>\n\n\n\n<p>Relacje \u015bwiadk\u00f3w wskazuj\u0105, \u017ce Emmanuel Macron ch\u0119tnie zatrzymywa\u0142 si\u0119, rozmawia\u0142 z lud\u017ami i reagowa\u0142 na ich obecno\u015b\u0107, co dodatkowo budowa\u0142o pozytywny odbi\u00f3r ca\u0142ego wydarzenia.<\/p>\n\n\n\n<p>To w\u0142a\u015bnie takie momenty cz\u0119sto decyduj\u0105 o tym, jak dana wizyta zostaje zapami\u0119tana \u2013 nie przez oficjalne przem\u00f3wienia, ale przez emocje, kt\u00f3re jej towarzysz\u0105.<\/p>\n\n\n\n<p>Dopiero p\u00f3\u017aniej pojawi\u0142 si\u0119 szczeg\u00f3\u0142, kt\u00f3ry wywo\u0142a\u0142 najwi\u0119ksze poruszenie.<\/p>\n\n\n\n<p>Nocna wiadomo\u015b\u0107, kt\u00f3ra wszystko zmieni\u0142a<\/p>\n\n\n\n<p>We wtorek rano premier Donald Tusk opublikowa\u0142 wpis, kt\u00f3ry natychmiast obieg\u0142 media i sta\u0142 si\u0119 jednym z najcz\u0119\u015bciej komentowanych temat\u00f3w dnia.<\/p>\n\n\n\n<p>Okaza\u0142o si\u0119, \u017ce jeszcze w nocy po zako\u0144czeniu wizyty Emmanuel Macron wys\u0142a\u0142 mu kr\u00f3tk\u0105, ale bardzo wymown\u0105 wiadomo\u015b\u0107.<\/p>\n\n\n\n<p>\u201eI\u2019m in love with Gda\u0144sk\u201d \u2013 napisa\u0142 francuski prezydent, daj\u0105c jasno do zrozumienia, jakie wra\u017cenie zrobi\u0142o na nim miasto.<\/p>\n\n\n\n<p>Ten prosty komunikat szybko sta\u0142 si\u0119 symbolem ca\u0142ej wizyty, poniewa\u017c pokazywa\u0142 jej bardziej ludzk\u0105, emocjonaln\u0105 stron\u0119.<\/p>\n\n\n\n<p>Nie by\u0142a to ju\u017c tylko dyplomacja, lecz szczera reakcja na to, co zobaczy\u0142 i prze\u017cy\u0142 podczas pobytu w Polsce.<\/p>\n\n\n\n<p>Relacje budowane poza kamerami<\/p>\n\n\n\n<p>Wypowiedzi premiera i obserwator\u00f3w sugeruj\u0105, \u017ce dobra atmosfera nie by\u0142a przypadkiem, lecz wynika\u0142a z przebiegu ca\u0142ego dnia.<\/p>\n\n\n\n<p>Podczas wsp\u00f3lnego spaceru po centrum Gda\u0144ska Donald Tusk przedstawia\u0142 swojemu go\u015bciowi najwa\u017cniejsze miejsca i osoby, buduj\u0105c bardziej osobist\u0105 narracj\u0119 wizyty.<\/p>\n\n\n\n<p>W jednym z moment\u00f3w zaprezentowa\u0142 mu prezydent miasta, podkre\u015blaj\u0105c blisk\u0105 relacj\u0119, co mia\u0142o dodatkowo podkre\u015bli\u0107 charakter spotkania.<\/p>\n\n\n\n<p>Sam Macron r\u00f3wnie\u017c nie ukrywa\u0142 swojego uznania, okre\u015blaj\u0105c Gda\u0144sk jako symbol walki o wolno\u015b\u0107 i miejsce o wyj\u0105tkowym znaczeniu historycznym.<\/p>\n\n\n\n<p>To w\u0142a\u015bnie takie s\u0142owa sprawiaj\u0105, \u017ce wizyty polityczne zyskuj\u0105 g\u0142\u0119bszy sens i wychodz\u0105 poza schemat oficjalnych deklaracji.<\/p>\n\n\n\n<p>Symbolika i wa\u017cne spotkania<\/p>\n\n\n\n<p>Wieczorna cz\u0119\u015b\u0107 wizyty mia\u0142a ju\u017c bardziej symboliczny charakter, ale r\u00f3wnie\u017c odegra\u0142a istotn\u0105 rol\u0119 w ca\u0142ym wydarzeniu.<\/p>\n\n\n\n<p>W Europejskim Centrum Solidarno\u015bci dosz\u0142o do spotkania z Lechem Wa\u0142\u0119s\u0105, kt\u00f3re zosta\u0142o opisane jako rozmowa pe\u0142na zrozumienia i nadziei.<\/p>\n\n\n\n<p>Tego typu momenty maj\u0105 ogromne znaczenie, poniewa\u017c \u0142\u0105cz\u0105 histori\u0119 z tera\u017aniejszo\u015bci\u0105 i pokazuj\u0105 ci\u0105g\u0142o\u015b\u0107 relacji mi\u0119dzy pa\u0144stwami.<\/p>\n\n\n\n<p>Nie zabrak\u0142o tak\u017ce element\u00f3w podkre\u015blaj\u0105cych wsp\u00f3\u0142prac\u0119 kulturaln\u0105, takich jak wr\u0119czenie nagrody za budowanie relacji polsko-francuskich.<\/p>\n\n\n\n<p>Ca\u0142o\u015b\u0107 uk\u0142ada si\u0119 w obraz wizyty, kt\u00f3ra mia\u0142a wiele warstw \u2013 od politycznej, przez historyczn\u0105, a\u017c po osobist\u0105.<\/p>\n\n\n\n<p>Co tak naprawd\u0119 oznacza ta wizyta?<\/p>\n\n\n\n<p>Cho\u0107 oficjalnie m\u00f3wiono o bezpiecze\u0144stwie, wsp\u00f3\u0142pracy i relacjach mi\u0119dzynarodowych, to w rzeczywisto\u015bci wydarzenie to pokaza\u0142o co\u015b wi\u0119cej.<\/p>\n\n\n\n<p>Bezpo\u015brednia wiadomo\u015b\u0107 wys\u0142ana w nocy przez Macrona sta\u0142a si\u0119 dowodem na to, \u017ce dyplomacja nie zawsze opiera si\u0119 wy\u0142\u0105cznie na dokumentach i ustaleniach.<\/p>\n\n\n\n<p>Czasem to w\u0142a\u015bnie emocje, atmosfera i spos\u00f3b przyj\u0119cia decyduj\u0105 o tym, jak liderzy postrzegaj\u0105 siebie nawzajem i jakie relacje buduj\u0105 na przysz\u0142o\u015b\u0107.<\/p>\n\n\n\n<p>W\u0142a\u015bnie dlatego ta wizyta \u2013 cho\u0107 formalnie zako\u0144czona \u2013 jeszcze d\u0142ugo b\u0119dzie komentowana jako przyk\u0142ad spotkania, kt\u00f3re wykracza\u0142o poza standardowe ramy polityki.<\/p>\n","protected":false},"excerpt":{"rendered":"Wizyta prezydenta Francji w Gda\u0144sku od pocz\u0105tku by\u0142a szeroko komentowana, jednak dopiero po jej zako\u0144czeniu zacz\u0119\u0142y wychodzi\u0107 na jaw kulisy, kt\u00f3re nada\u0142y ca\u0142emu \n<a class=\"moretag\" href=\"https:\/\/strefa24.biz.ua\/?p=21851\"> [...]<\/a>","protected":false},"author":1,"featured_media":21852,"comment_status":"open","ping_status":"open","sticky":false,"template":"","format":"standard","meta":{"footnotes":""},"categories":[1],"tags":[],"class_list":["post-21851","post","type-post","status-publish","format-standard","has-post-thumbnail","hentry","category-blog"],"_links":{"self":[{"href":"https:\/\/strefa24.biz.ua\/index.php?rest_route=\/wp\/v2\/posts\/21851","targetHints":{"allow":["GET"]}}],"collection":[{"href":"https:\/\/strefa24.biz.ua\/index.php?rest_route=\/wp\/v2\/posts"}],"about":[{"href":"https:\/\/strefa24.biz.ua\/index.php?rest_route=\/wp\/v2\/types\/post"}],"author":[{"embeddable":true,"href":"https:\/\/strefa24.biz.ua\/index.php?rest_route=\/wp\/v2\/users\/1"}],"replies":[{"embeddable":true,"href":"https:\/\/strefa24.biz.ua\/index.php?rest_route=%2Fwp%2Fv2%2Fcomments&post=21851"}],"version-history":[{"count":1,"href":"https:\/\/strefa24.biz.ua\/index.php?rest_route=\/wp\/v2\/posts\/21851\/revisions"}],"predecessor-version":[{"id":21853,"href":"https:\/\/strefa24.biz.ua\/index.php?rest_route=\/wp\/v2\/posts\/21851\/revisions\/21853"}],"wp:featuredmedia":[{"embeddable":true,"href":"https:\/\/strefa24.biz.ua\/index.php?rest_route=\/wp\/v2\/media\/21852"}],"wp:attachment":[{"href":"https:\/\/strefa24.biz.ua\/index.php?rest_route=%2Fwp%2Fv2%2Fmedia&parent=21851"}],"wp:term":[{"taxonomy":"category","embeddable":true,"href":"https:\/\/strefa24.biz.ua\/index.php?rest_route=%2Fwp%2Fv2%2Fcategories&post=21851"},{"taxonomy":"post_tag","embeddable":true,"href":"https:\/\/strefa24.biz.ua\/index.php?rest_route=%2Fwp%2Fv2%2Ftags&post=21851"}],"curies":[{"name":"wp","href":"https:\/\/api.w.org\/{rel}","templated":true}]}}