{"id":21944,"date":"2026-04-22T16:30:44","date_gmt":"2026-04-22T16:30:44","guid":{"rendered":"https:\/\/strefa24.biz.ua\/?p=21944"},"modified":"2026-04-22T16:30:44","modified_gmt":"2026-04-22T16:30:44","slug":"kolejny-rozdzierajacy-serce-szczegol-wychodzi-na-jaw-gdy-ojciec-upada-i-umiera-na-pogrzebie-syna-3","status":"publish","type":"post","link":"https:\/\/strefa24.biz.ua\/?p=21944","title":{"rendered":"Kolejny rozdzieraj\u0105cy serce szczeg\u00f3\u0142 wychodzi na jaw, gdy ojciec upada i umiera na pogrzebie syna"},"content":{"rendered":"\n<p>Po druzgoc\u0105cym o\u015bwiadczeniu o \u015bmierci ojca na pogrzebie syna pojawi\u0142y si\u0119 jeszcze bardziej druzgoc\u0105ce informacje.<\/p>\n\n\n\n<p>Norman White zmar\u0142 tragicznie na pogrzebie swojego syna. \u0179r\u00f3d\u0142o: Rose Funerals Memorials<\/p>\n\n\n\n<p>Nag\u0142a tragedia<br>\u015amier\u0107 Normana White\u2019a nast\u0105pi\u0142a 31 lipca 2025 r. podczas pogrzebu jego syna, Davida Beilickiego, kt\u00f3ry przegra\u0142 walk\u0119 z uzale\u017cnieniem, jak podaje The Sun.<\/p>\n\n\n\n<p>Norman White, 61 lat, tragicznie straci\u0142 przytomno\u015b\u0107, gdy trumn\u0119 z cia\u0142em jego syna wnoszono do kaplicy \u015bw. Bedy.<img loading=\"lazy\" decoding=\"async\" src=\"https:\/\/images.vt.co\/dltj72yijj96u.cloudfront.net\/wp-content\/uploads\/Screenshot2025-09-10at11.47.29.jpg_ROkF6z?tr=w-216%2Cq-70%2Cf-webp\" alt=\"Zrzut ekranu 2025-09-10 w 11.47.29.jpg\" width=\"1052\" height=\"701\"><\/p>\n\n\n\n<p>\u015amier\u0107 Davida by\u0142a tragicznym ciosem dla rodziny, zw\u0142aszcza w obliczu post\u0119p\u00f3w w powrocie do zdrowia.<\/p>\n\n\n\n<p>Gdy rodzina zebra\u0142a si\u0119, by op\u0142akiwa\u0107 Davida, Norman zas\u0142ab\u0142, co sk\u0142oni\u0142o ekipy ratunkowe do natychmiastowej pomocy. Zosta\u0142 szybko przewieziony do pobliskiego szpitala, w asy\u015bcie siostry. Niestety, wkr\u00f3tce po przybyciu do szpitala stwierdzono zgon Normana.<\/p>\n\n\n\n<h2 class=\"wp-block-heading\"><strong>Czy przyczyn\u0105 \u015bmierci Normana by\u0142 smutek?<\/strong><\/h2>\n\n\n\n<p>C\u00f3rka Normana, Chantelle Beilicki, uwa\u017ca, \u017ce \u200b\u200bemocjonalny ci\u0119\u017car po stracie brata m\u00f3g\u0142 przyczyni\u0107 si\u0119 do nag\u0142ej \u015bmierci ojca, podaje Teesside Live.<\/p>\n\n\n\n<p>Podejrzewa, \u017ce \u200b\u200bogromny b\u00f3l po stracie syna m\u00f3g\u0142 doprowadzi\u0107 do tragicznego za\u0142amania.<\/p>\n\n\n\n<p>Wspominaj\u0105c tamten dzie\u0144, Chantelle przypomnia\u0142a sobie przera\u017caj\u0105cy moment, gdy przyby\u0142a do kaplicy i zauwa\u017cy\u0142a, \u017ce \u200b\u200bjej ojciec znikn\u0105\u0142.<\/p>\n\n\n\n<p>Podzieli\u0142a si\u0119 opini\u0105, \u017ce \u015bmier\u0107 jej ojca mog\u0142a by\u0107 wynikiem \u201ez\u0142amanego serca\u201d z powodu przyt\u0142aczaj\u0105cego \u017calu zwi\u0105zanego z t\u0105 sytuacj\u0105. \u201eWidok rodziny razem m\u00f3g\u0142 by\u0107 dla niego zbyt trudny do zniesienia\u201d \u2013 doda\u0142a.<img loading=\"lazy\" decoding=\"async\" src=\"https:\/\/images.vt.co\/dltj72yijj96u.cloudfront.net\/wp-content\/uploads\/Screenshot2025-09-10at11.48.27.jpg_FA4CKw?tr=w-216%2Cq-70%2Cf-webp\" alt=\"Zrzut ekranu 2025-09-10 w 11.48.27.jpg\" width=\"1052\" height=\"701\"><\/p>\n\n\n\n<p><em>Norman upad\u0142, gdy trumn\u0119 jego syna wnoszono do kaplicy. \u0179r\u00f3d\u0142o: Rose Funerals Memorials<\/em><\/p>\n\n\n\n<h2 class=\"wp-block-heading\"><strong>Ci\u0105g\u0142a walka Davida Beilickiego z uzale\u017cnieniem<\/strong><\/h2>\n\n\n\n<p>David Beilicki, 41 lat, mieszka\u0142 z Chantelle i jej rodzin\u0105 w Park End, ci\u0119\u017cko pracuj\u0105c nad utrzymaniem trze\u017awo\u015bci po d\u0142ugiej walce z uzale\u017cnieniem.<\/p>\n\n\n\n<p>Jego nag\u0142a \u015bmier\u0107 by\u0142a szczeg\u00f3lnie druzgoc\u0105ca, poniewa\u017c wykazywa\u0142 pozytywne oznaki powrotu do zdrowia. Jednak w dniu \u015bmierci David zosta\u0142 znaleziony martwy na sofie krewnego, ofiar\u0105 swojej d\u0142ugotrwa\u0142ej walki z uzale\u017cnieniem.<\/p>\n\n\n\n<h2 class=\"wp-block-heading\"><strong>Nowe tragiczne informacje<\/strong><\/h2>\n\n\n\n<p>Tragicznie, \u015bmier\u0107 Davida nast\u0105pi\u0142a w tym samym dniu, w kt\u00f3rym przypada\u0142a dziesi\u0105ta rocznica jego udzia\u0142u w uroczysto\u015bciach \u017ca\u0142obnych ku pami\u0119ci jego martwo urodzonych syn\u00f3w bli\u017aniak\u00f3w, Karsona i Deacona. Jego odej\u015bcie z\u0142ama\u0142o serce rodzinie, a szczeg\u00f3lnie Chantelle, kt\u00f3ra powiedzia\u0142a, \u017ce \u200b\u200bjej dzieci s\u0105 \u201ezdruzgotane\u201d.<\/p>\n\n\n\n<p>David, ojciec doros\u0142ego syna Ethana i m\u0142odszego syna Jaxona, znany by\u0142 ze swojego dobrego serca i wysi\u0142k\u00f3w, by odbudowa\u0107 swoje \u017cycie. Pomimo trudno\u015bci, by\u0142 g\u0142\u0119boko ceniony przez tych, kt\u00f3rzy go znali.<\/p>\n\n\n\n<h2 class=\"wp-block-heading\"><strong>Trwaj\u0105ce \u015bledztwo<\/strong><\/h2>\n\n\n\n<p>Podczas gdy rodzina op\u0142akuje strat\u0119 Davida, wci\u0105\u017c trwa \u015bledztwo w sprawie przyczyny jego \u015bmierci.<\/p>\n\n\n\n<p>Jego pogrzeb odby\u0142 si\u0119 21 sierpnia 2025 roku, a rodzina wci\u0105\u017c nie mo\u017ce otrz\u0105sn\u0105\u0107 si\u0119 z \u017calu po jego stracie. Wydarzenia zwi\u0105zane z jego \u015bmierci\u0105 i nag\u0142a strata Normana wstrz\u0105sn\u0119\u0142y nimi do g\u0142\u0119bi.<\/p>\n\n\n\n<p>Chantelle opisa\u0142a ca\u0142\u0105 t\u0119 tragedi\u0119 jako surrealistyczn\u0105. Strata brata i ojca w tak kr\u00f3tkim czasie by\u0142a niemal nie do poj\u0119cia.<img loading=\"lazy\" decoding=\"async\" src=\"https:\/\/images.vt.co\/dltj72yijj96u.cloudfront.net\/wp-content\/uploads\/Screenshot2025-09-10at11.49.04.jpg_p4wteA?tr=w-216%2Cq-70%2Cf-webp\" alt=\"Zrzut ekranu 2025-09-10 w 11.49.04.jpg\" width=\"1052\" height=\"701\"><\/p>\n\n\n\n<p><em>David zmar\u0142 tragicznie z powodu nadu\u017cywania narkotyk\u00f3w w rocznic\u0119 uroczysto\u015bci \u017ca\u0142obnych ku pami\u0119ci swoich martwo urodzonych bli\u017aniak\u00f3w. \u0179r\u00f3d\u0142o: Rose Funerals Memorials<\/em><\/p>\n\n\n\n<h2 class=\"wp-block-heading\"><strong>Reagowanie kryzysowe i wsparcie w obliczu tragedii<\/strong><\/h2>\n\n\n\n<p>Podczas gdy rodzina Normana kontynuowa\u0142a ceremoni\u0119 pogrzebow\u0105 Davida, ratownicy medyczni pracowali szybko i niestrudzenie, aby uratowa\u0107 Normana.<\/p>\n\n\n\n<p>Chantelle p\u00f3\u017aniej chwali\u0142a personel Rose Funerals za wyj\u0105tkowy profesjonalizm i wsp\u00f3\u0142czucie w tak traumatycznym czasie.<\/p>\n\n\n\n<p>Pomimo tragicznych wydarze\u0144, uda\u0142o si\u0119 zadba\u0107 o to, aby ceremonia odby\u0142a si\u0119 bez zak\u0142\u00f3ce\u0144 i zapewni\u0107 wsparcie emocjonalne pogr\u0105\u017conej w \u017ca\u0142obie rodzinie.<\/p>\n\n\n\n<h2 class=\"wp-block-heading\"><strong>Norman White: uwielbiana posta\u0107 spo\u0142eczna<\/strong><\/h2>\n\n\n\n<p>Norman White by\u0142 uwielbian\u0105 postaci\u0105 w swojej spo\u0142eczno\u015bci, znanym zw\u0142aszcza ze swojej pasji do boksu.<\/p>\n\n\n\n<p>Przez ca\u0142e \u017cycie szkoli\u0142 i doradza\u0142 innym w tym sporcie, zyskuj\u0105c reputacj\u0119 osoby \u201epopularnej i lubianej\u201d.<\/p>\n\n\n\n<p>Chantelle tak wspomina\u0142a wp\u0142yw swojego ojca: \u201eBy\u0142 moim ojcem i go ub\u00f3stwia\u0142am\u201d. Dziedzictwo Normana jako ojca i postaci spo\u0142ecznej pozostaje trwa\u0142\u0105 cz\u0119\u015bci\u0105 pami\u0119ci jego rodziny.<\/p>\n","protected":false},"excerpt":{"rendered":"Po druzgoc\u0105cym o\u015bwiadczeniu o \u015bmierci ojca na pogrzebie syna pojawi\u0142y si\u0119 jeszcze bardziej druzgoc\u0105ce informacje. Norman White zmar\u0142 tragicznie na pogrzebie swojego syna. \n<a class=\"moretag\" href=\"https:\/\/strefa24.biz.ua\/?p=21944\"> [...]<\/a>","protected":false},"author":1,"featured_media":21945,"comment_status":"open","ping_status":"open","sticky":false,"template":"","format":"standard","meta":{"footnotes":""},"categories":[1],"tags":[],"class_list":["post-21944","post","type-post","status-publish","format-standard","has-post-thumbnail","hentry","category-blog"],"_links":{"self":[{"href":"https:\/\/strefa24.biz.ua\/index.php?rest_route=\/wp\/v2\/posts\/21944","targetHints":{"allow":["GET"]}}],"collection":[{"href":"https:\/\/strefa24.biz.ua\/index.php?rest_route=\/wp\/v2\/posts"}],"about":[{"href":"https:\/\/strefa24.biz.ua\/index.php?rest_route=\/wp\/v2\/types\/post"}],"author":[{"embeddable":true,"href":"https:\/\/strefa24.biz.ua\/index.php?rest_route=\/wp\/v2\/users\/1"}],"replies":[{"embeddable":true,"href":"https:\/\/strefa24.biz.ua\/index.php?rest_route=%2Fwp%2Fv2%2Fcomments&post=21944"}],"version-history":[{"count":1,"href":"https:\/\/strefa24.biz.ua\/index.php?rest_route=\/wp\/v2\/posts\/21944\/revisions"}],"predecessor-version":[{"id":21946,"href":"https:\/\/strefa24.biz.ua\/index.php?rest_route=\/wp\/v2\/posts\/21944\/revisions\/21946"}],"wp:featuredmedia":[{"embeddable":true,"href":"https:\/\/strefa24.biz.ua\/index.php?rest_route=\/wp\/v2\/media\/21945"}],"wp:attachment":[{"href":"https:\/\/strefa24.biz.ua\/index.php?rest_route=%2Fwp%2Fv2%2Fmedia&parent=21944"}],"wp:term":[{"taxonomy":"category","embeddable":true,"href":"https:\/\/strefa24.biz.ua\/index.php?rest_route=%2Fwp%2Fv2%2Fcategories&post=21944"},{"taxonomy":"post_tag","embeddable":true,"href":"https:\/\/strefa24.biz.ua\/index.php?rest_route=%2Fwp%2Fv2%2Ftags&post=21944"}],"curies":[{"name":"wp","href":"https:\/\/api.w.org\/{rel}","templated":true}]}}