{"id":22123,"date":"2026-04-26T11:52:06","date_gmt":"2026-04-26T11:52:06","guid":{"rendered":"https:\/\/strefa24.biz.ua\/?p=22123"},"modified":"2026-04-26T11:52:06","modified_gmt":"2026-04-26T11:52:06","slug":"57-latek-z-zarzutem-po-wypadku-w-ktorym-zginal-lukasz-litewka","status":"publish","type":"post","link":"https:\/\/strefa24.biz.ua\/?p=22123","title":{"rendered":"57-latek z zarzutem po wypadku, w kt\u00f3rym zgin\u0105\u0142 \u0141ukasz Litewka"},"content":{"rendered":"\n<p>Rzecznik Prokuratury Okr\u0119gowej w Sosnowcu, Bartosz Kilian, poinformowa\u0142 w pi\u0105tek, \u017ce 57-letni m\u0119\u017cczyzna zatrzymany po tragicznym wypadku, w kt\u00f3rym zgin\u0105\u0142 pose\u0142 \u0141ukasz Litewka, us\u0142ysza\u0142 zarzut spowodowania wypadku ze skutkiem \u015bmiertelnym. <\/p>\n\n\n\n<p>Podejrzany odpowiada na podstawie art. 177 Kodeksu karnego, dotycz\u0105cego nieumy\u015blnego naruszenia zasad ruchu drogowego, kt\u00f3re skutkowa\u0142o \u015bmierci\u0105 pos\u0142a.<\/p>\n\n\n\n<p>Podczas konferencji prokurator podkre\u015bli\u0142, \u017ce zarzut bierze pod uwag\u0119 nieumy\u015blne naruszenie przepis\u00f3w ruchu drogowego oraz nieumy\u015blne doprowadzenie do tragicznego zdarzenia.<\/p>\n\n\n\n<p>obrazek<\/p>\n\n\n\n<p>Gro\u017aba kary i plany aresztowania<br>Za ten czyn grozi kara od 6 miesi\u0119cy do 8 lat pozbawienia wolno\u015bci. Prokuratura zapowiada z\u0142o\u017cenie wniosku o tymczasowe aresztowanie podejrzanego.<\/p>\n\n\n\n<p>\u201eJeste\u015bmy w kontakcie z s\u0105dem i staramy si\u0119 ustali\u0107, czy posiedzenie aresztowe mo\u017ce odby\u0107 si\u0119 jeszcze dzisiaj, cho\u0107 najprawdopodobniej nast\u0105pi jutro\u201d \u2013 wyja\u015bni\u0142 prokurator Kilian.<\/p>\n\n\n\n<p>Podejrzany przyzna\u0142 si\u0119 do zarzucanego czynu zar\u00f3wno na komisariacie, jak i w prokuraturze. Z\u0142o\u017cy\u0142 szczeg\u00f3\u0142owe wyja\u015bnienia, w kt\u00f3rych powtarzaj\u0105 si\u0119 wersje o utracie przytomno\u015bci, chwilowym rozproszeniu uwagi lub by\u0107 mo\u017ce ca\u0142kowitej amnezji dotycz\u0105cej przebiegu zdarzenia.<\/p>\n\n\n\n<p>Prokurator zauwa\u017cy\u0142 jednak, \u017ce te informacje mog\u0105 stanowi\u0107 jedynie lini\u0119 obrony. Cz\u0119\u015b\u0107 o\u015bwiadcze\u0144 budzi powa\u017cne w\u0105tpliwo\u015bci, dlatego \u015bledczy dostrzegaj\u0105 uzasadnione przes\u0142anki do skierowania sprawy do s\u0105du. Ryzyko matactwa procesowego, surowa gro\u017c\u0105ca kara oraz obawa przed ucieczk\u0105 to g\u0142\u00f3wne powody takiego kroku.<\/p>\n\n\n\n<p>Badania lekarskie i toksykologiczne<br>Zatrzymany sp\u0119dzi\u0142 znaczn\u0105 cz\u0119\u015b\u0107 dnia na badaniach medycznych oceniaj\u0105cych jego stan zdrowia. Diagnostyka nie wykaza\u0142a przeszk\u00f3d uniemo\u017cliwiaj\u0105cych udzia\u0142 w czynno\u015bciach procesowych ani poci\u0105gni\u0119cie do odpowiedzialno\u015bci karnej.<\/p>\n\n\n\n<p>Rzecznik doda\u0142:<\/p>\n\n\n\n<p>\u201eBadania potwierdzi\u0142y, \u017ce jego stan zdrowia jest og\u00f3lnie dobry, cho\u0107 dalsze analizy s\u0105 konieczne\u201d.<\/p>\n\n\n\n<p>Od podejrzanego pobrano r\u00f3wnie\u017c krew do szczeg\u00f3\u0142owych bada\u0144 toksykologicznych, kt\u00f3re wyja\u015bni\u0105, czy w chwili zdarzenia by\u0142 pod wp\u0142ywem \u015brodk\u00f3w psychoaktywnych. Wst\u0119pne testy nie wykaza\u0142y takich substancji.<\/p>\n\n\n\n<p>\u015awiadkowie i apel do spo\u0142ecze\u0144stwa<br>W prokuraturze nie ma informacji o \u015bwiadkach bezpo\u015brednio obserwuj\u0105cych zdarzenie. Istniej\u0105 natomiast relacje os\u00f3b, kt\u00f3re pojawi\u0142y si\u0119 tu\u017c po wypadku i udziela\u0142y pierwszej pomocy oraz prowadzi\u0142y reanimacj\u0119.<\/p>\n\n\n\n<p>\u015aledczy apeluj\u0105 do wszystkich, kt\u00f3rzy posiadaj\u0105 informacje lub nagrania z miejsca wypadku, o kontakt z organami \u015bcigania.<\/p>\n\n\n\n<p>Wst\u0119pne ustalenia dotycz\u0105ce stanu samochodu i pr\u0119dko\u015bci<br>Bieg\u0142y ds. wypadk\u00f3w drogowych oceni\u0142, \u017ce pojazd podejrzanego by\u0142 technicznie sprawny, w tym uk\u0142ad kierowniczy i hamulcowy. Podczas ogl\u0119dzin nie znaleziono \u015blad\u00f3w hamowania.<\/p>\n\n\n\n<p>Wst\u0119pne analizy wykluczy\u0142y przekroczenie dozwolonej pr\u0119dko\u015bci, ale te ustalenia s\u0105 jeszcze weryfikowane w ramach dalszych bada\u0144 specjalistycznych. Nie wyklucza si\u0119 te\u017c przeprowadzenia eksperyment\u00f3w procesowych, kt\u00f3re pomog\u0105 lepiej zrozumie\u0107 przebieg zdarzenia.<\/p>\n\n\n\n<p>Okoliczno\u015bci zdarzenia i zachowanie pos\u0142a<br>Z dotychczasowych ustale\u0144 wynika, \u017ce pose\u0142 Litewka porusza\u0142 si\u0119 rowerem prawid\u0142owo. W akcie oskar\u017cenia wskazano, \u017ce kierowca motoru nieprawid\u0142owo kontrolowa\u0142 tor jazdy, gwa\u0142townie zmieni\u0142 kierunek, zjecha\u0142 na przeciwny pas ruchu i uderzy\u0142 w poruszaj\u0105cego si\u0119 prawid\u0142owo parlamentarzyst\u0119.<\/p>\n\n\n\n<p>Prokurator wyja\u015bni\u0142:<\/p>\n\n\n\n<p>\u201eBezpo\u015brednio przed wypadkiem pose\u0142 pracowa\u0142, a droga, na kt\u00f3rej dosz\u0142o do zdarzenia, prowadzi\u0142a z jego miejsca pracy prosto do domu\u201d.<\/p>\n\n\n\n<p>Dok\u0142adny czas wypadku oraz wyniki sekcji zw\u0142ok<br>Dok\u0142adny moment wypadku pozostaje nieznany. Znany jest jedynie czas od pojawienia si\u0119 \u015bwiadk\u00f3w do przyjazdu s\u0142u\u017cb ratunkowych.<\/p>\n\n\n\n<p>Sekcja zw\u0142ok wykaza\u0142a, \u017ce Litewka dozna\u0142 g\u0142\u00f3wnie powa\u017cnych obra\u017ce\u0144 ko\u0144czyny dolnej, kt\u00f3re spowodowa\u0142y przerwanie kluczowych naczy\u0144 krwiono\u015bnych. Obfity krwotok by\u0142 bezpo\u015bredni\u0105 przyczyn\u0105 \u015bmierci pos\u0142a.<\/p>\n\n\n\n<p>Prokuratura nie ujawnia danych podejrzanego i apeluje o unikanie spekulacji oraz niepotwierdzonych teorii kr\u0105\u017c\u0105cych w internecie, poniewa\u017c nie maj\u0105 one oparcia w zgromadzonym materiale dowodowym.<\/p>\n\n\n\n<p>Przebieg tragedii<br>Do \u015bmiertelnego wypadku dosz\u0142o w czwartek oko\u0142o godziny 13:00. Wst\u0119pne ustalenia wskazuj\u0105, \u017ce 57-letni mieszkaniec Sosnowca, kieruj\u0105c samochodem marki Mitsubishi Colt, zderzy\u0142 si\u0119 z jad\u0105cym z naprzeciwka pos\u0142em na rowerze. Mimo reanimacji nie uda\u0142o si\u0119 uratowa\u0107 \u017cycia \u0141ukasza Litewki. Kierowca zosta\u0142 zatrzymany.<\/p>\n\n\n\n<p>\u0141ukasz Litewka \u2013 dzia\u0142alno\u015b\u0107 spo\u0142eczna i charytatywna<br>Litewka zas\u0142yn\u0105\u0142 jako aktywny dzia\u0142acz spo\u0142eczny i charytatywny. Prowadzona przez niego Fundacja #TeamLitewka szeroko wspiera\u0142a leczenie dzieci, ochron\u0119 zwierz\u0105t i reagowa\u0142a na trudne sytuacje w lokalnych spo\u0142eczno\u015bciach, organizuj\u0105c m.in. zbi\u00f3rki na sprz\u0119t rehabilitacyjny oraz pomoc dla ofiar wypadk\u00f3w.<\/p>\n\n\n\n<p>Podczas kampanii wyborczej w 2023 roku pose\u0142 umie\u015bci\u0142 na plakatach wizerunki ps\u00f3w ze schroniska wraz z ich imionami i numerami telefon\u00f3w kontaktowych. Po kampanii banery te pos\u0142u\u017cy\u0142y do ocieplenia boks\u00f3w w schronisku. (PAP)<\/p>\n","protected":false},"excerpt":{"rendered":"Rzecznik Prokuratury Okr\u0119gowej w Sosnowcu, Bartosz Kilian, poinformowa\u0142 w pi\u0105tek, \u017ce 57-letni m\u0119\u017cczyzna zatrzymany po tragicznym wypadku, w kt\u00f3rym zgin\u0105\u0142 pose\u0142 \u0141ukasz Litewka, \n<a class=\"moretag\" href=\"https:\/\/strefa24.biz.ua\/?p=22123\"> [...]<\/a>","protected":false},"author":1,"featured_media":22124,"comment_status":"open","ping_status":"open","sticky":false,"template":"","format":"standard","meta":{"footnotes":""},"categories":[1],"tags":[],"class_list":["post-22123","post","type-post","status-publish","format-standard","has-post-thumbnail","hentry","category-blog"],"_links":{"self":[{"href":"https:\/\/strefa24.biz.ua\/index.php?rest_route=\/wp\/v2\/posts\/22123","targetHints":{"allow":["GET"]}}],"collection":[{"href":"https:\/\/strefa24.biz.ua\/index.php?rest_route=\/wp\/v2\/posts"}],"about":[{"href":"https:\/\/strefa24.biz.ua\/index.php?rest_route=\/wp\/v2\/types\/post"}],"author":[{"embeddable":true,"href":"https:\/\/strefa24.biz.ua\/index.php?rest_route=\/wp\/v2\/users\/1"}],"replies":[{"embeddable":true,"href":"https:\/\/strefa24.biz.ua\/index.php?rest_route=%2Fwp%2Fv2%2Fcomments&post=22123"}],"version-history":[{"count":1,"href":"https:\/\/strefa24.biz.ua\/index.php?rest_route=\/wp\/v2\/posts\/22123\/revisions"}],"predecessor-version":[{"id":22125,"href":"https:\/\/strefa24.biz.ua\/index.php?rest_route=\/wp\/v2\/posts\/22123\/revisions\/22125"}],"wp:featuredmedia":[{"embeddable":true,"href":"https:\/\/strefa24.biz.ua\/index.php?rest_route=\/wp\/v2\/media\/22124"}],"wp:attachment":[{"href":"https:\/\/strefa24.biz.ua\/index.php?rest_route=%2Fwp%2Fv2%2Fmedia&parent=22123"}],"wp:term":[{"taxonomy":"category","embeddable":true,"href":"https:\/\/strefa24.biz.ua\/index.php?rest_route=%2Fwp%2Fv2%2Fcategories&post=22123"},{"taxonomy":"post_tag","embeddable":true,"href":"https:\/\/strefa24.biz.ua\/index.php?rest_route=%2Fwp%2Fv2%2Ftags&post=22123"}],"curies":[{"name":"wp","href":"https:\/\/api.w.org\/{rel}","templated":true}]}}