{"id":22130,"date":"2026-04-26T13:49:42","date_gmt":"2026-04-26T13:49:42","guid":{"rendered":"https:\/\/strefa24.biz.ua\/?p=22130"},"modified":"2026-04-26T13:49:42","modified_gmt":"2026-04-26T13:49:42","slug":"smiertelne-potracenie-lukasza-litewki-sledczy-ujawniaja-cel-podrozy-kierowcy","status":"publish","type":"post","link":"https:\/\/strefa24.biz.ua\/?p=22130","title":{"rendered":"\u015amiertelne potr\u0105cenie \u0141ukasza Litewki. \u015aledczy ujawniaj\u0105 cel podr\u00f3\u017cy kierowcy"},"content":{"rendered":"\n<p>M\u0119\u017cczyzna, kt\u00f3ry spowodowa\u0142 \u015bmiertelny wypadek z udzia\u0142em \u0141ukasza Litewki, zosta\u0142 oficjalnie obci\u0105\u017cony zarzutami. <\/p>\n\n\n\n<p>Zgodnie z przepisami Kodeksu karnego, odpowie za spowodowanie zdarzenia drogowego ze skutkiem \u015bmiertelnym, co grozi kar\u0105 pozbawienia wolno\u015bci od 6 miesi\u0119cy do 8 lat. <\/p>\n\n\n\n<p>Kierowca przyzna\u0142 si\u0119 do winy, jednak \u015bledczy dok\u0142adnie weryfikuj\u0105 jego wyja\u015bnienia z powodu pojawiaj\u0105cych si\u0119 w nich niejasno\u015bci.<\/p>\n\n\n\n<p>W zwi\u0105zku z surow\u0105 kar\u0105 oraz ryzykiem matactwa lub ucieczki prokuratura rozwa\u017ca wniosek o tymczasowy areszt.<\/p>\n\n\n\n<p> Wst\u0119pne badania potwierdzi\u0142y brak usterek technicznych w samochodzie oraz trze\u017awo\u015b\u0107 kierowcy. Dlatego s\u0142u\u017cby skupiaj\u0105 si\u0119 na poszukiwaniu \u015bwiadk\u00f3w samego momentu potr\u0105cenia.<\/p>\n\n\n\n<figure class=\"wp-block-image\"><img decoding=\"async\" src=\"https:\/\/bystryjanusz.pl\/wp-content\/uploads\/2026\/04\/1058.jpg\" alt=\"obrazek\"\/><\/figure>\n\n\n\n<h2 class=\"wp-block-heading\">Nowe ustalenia prokuratury w sprawie tragicznego wypadku<\/h2>\n\n\n\n<p>Sprawca, 57-letni mieszkaniec Sosnowca, zosta\u0142 przes\u0142uchany i wyrazi\u0142 skruch\u0119. W dniu tragedii wraca\u0142 z pracy do domu tras\u0105 mi\u0119dzy Sosnowcem a D\u0105brow\u0105 G\u00f3rnicz\u0105. Mimo szczeg\u00f3\u0142owych wyja\u015bnie\u0144 z jego perspektywy, wiele kluczowych kwestii dotycz\u0105cych przebiegu zdarzenia pozostaje niejasnych.<\/p>\n\n\n\n<p>Najwi\u0119kszym wyzwaniem dla \u015bledczych jest brak bezpo\u015brednich \u015bwiadk\u00f3w uderzenia. Materia\u0142y dowodowe opieraj\u0105 si\u0119 na relacjach os\u00f3b, kt\u00f3re przyby\u0142y po fakcie i podj\u0119\u0142y akcj\u0119 ratunkow\u0105. Policja przes\u0142ucha\u0142a je ju\u017c i apeluje do wszystkich, kt\u00f3rzy mogli widzie\u0107 najechanie na pieszego.<\/p>\n\n\n\n<p>W zeznaniach podejrzanego pojawiaj\u0105 si\u0119 sugestie o chwilowej utracie przytomno\u015bci, rozproszeniu uwagi lub braku pami\u0119ci z momentu wypadku. \u015aledczy sprawdzaj\u0105 te\u017c m.in. jego telefon kom\u00f3rkowy.<\/p>\n\n\n\n<h2 class=\"wp-block-heading\">Areszt dla sprawcy \u2013 decyzja s\u0105du ju\u017c zapad\u0142a<\/h2>\n\n\n\n<p>S\u0105d Rejonowy w D\u0105browie G\u00f3rniczej zastosowa\u0142 wobec kierowcy tymczasowy areszt na trzy miesi\u0105ce. Podstawy to gro\u017aba wieloletniego wi\u0119zienia, ryzyko ucieczki oraz mo\u017cliwo\u015b\u0107 fa\u0142szowania dowod\u00f3w. Wniosek prokuratury rozpatrzono w sobot\u0119, 25 kwietnia.<\/p>\n\n\n\n<p>Cho\u0107 wst\u0119pne testy nie wykaza\u0142y alkoholu ani substancji psychoaktywnych, trwaj\u0105 dok\u0142adniejsze badania toksykologiczne krwi. Bieg\u0142y wst\u0119pnie wykluczy\u0142 przekroczenie pr\u0119dko\u015bci.<\/p>\n\n\n\n<h3 class=\"wp-block-heading\">Partnerka \u0141ukasza Litewki zabra\u0142a g\u0142os po tragedii<\/h3>\n\n\n\n<p>Partnerka zmar\u0142ego pos\u0142a podzieli\u0142a si\u0119 publicznie swoimi przemy\u015bleniami. Opowiedzia\u0142a o l\u0119kach \u0141ukasza i wyzwaniach, z kt\u00f3rymi mierzy\u0142 si\u0119 w ostatnich dniach. Jej s\u0142owa rzucaj\u0105 nowe \u015bwiat\u0142o na sytuacj\u0119 rodziny i bliskich.<\/p>\n\n\n\n<h2 class=\"wp-block-heading\">Trwa apel do \u015bwiadk\u00f3w zdarzenia<\/h2>\n\n\n\n<p>Policja i prokuratura pilnie poszukuj\u0105 os\u00f3b, kt\u00f3re widzia\u0142y potr\u0105cenie lub okoliczno\u015bci mu poprzedzaj\u0105ce. Ka\u017cda relacja mo\u017ce by\u0107 kluczowa dla wyja\u015bnienia tragedii. \u015awiadkowie proszeni s\u0105 o kontakt ze s\u0142u\u017cbami.<\/p>\n\n\n\n<ul class=\"wp-block-list\">\n<li><strong>Sprawca odpowie z art. 177 \u00a7 2 Kodeksu karnego<\/strong>\u00a0\u2013 grozi do 8 lat wi\u0119zienia.<\/li>\n\n\n\n<li><strong>Weryfikacja wyja\u015bnie\u0144 kierowcy<\/strong>\u00a0z powodu w\u0105tpliwo\u015bci co do utraty przytomno\u015bci czy rozproszenia.<\/li>\n\n\n\n<li><strong>S\u0105d zastosowa\u0142 areszt na 3 miesi\u0105ce<\/strong>\u00a0wobec 57-latka, by zapobiec ucieczce lub matactwu.<\/li>\n\n\n\n<li><strong>Samoch\u00f3d sprawny, kierowca trze\u017awy<\/strong>\u00a0\u2013 pilne poszukiwanie \u015bwiadk\u00f3w momentu uderzenia.<\/li>\n<\/ul>\n","protected":false},"excerpt":{"rendered":"M\u0119\u017cczyzna, kt\u00f3ry spowodowa\u0142 \u015bmiertelny wypadek z udzia\u0142em \u0141ukasza Litewki, zosta\u0142 oficjalnie obci\u0105\u017cony zarzutami. Zgodnie z przepisami Kodeksu karnego, odpowie za spowodowanie zdarzenia drogowego \n<a class=\"moretag\" href=\"https:\/\/strefa24.biz.ua\/?p=22130\"> [...]<\/a>","protected":false},"author":1,"featured_media":22131,"comment_status":"open","ping_status":"open","sticky":false,"template":"","format":"standard","meta":{"footnotes":""},"categories":[1],"tags":[],"class_list":["post-22130","post","type-post","status-publish","format-standard","has-post-thumbnail","hentry","category-blog"],"_links":{"self":[{"href":"https:\/\/strefa24.biz.ua\/index.php?rest_route=\/wp\/v2\/posts\/22130","targetHints":{"allow":["GET"]}}],"collection":[{"href":"https:\/\/strefa24.biz.ua\/index.php?rest_route=\/wp\/v2\/posts"}],"about":[{"href":"https:\/\/strefa24.biz.ua\/index.php?rest_route=\/wp\/v2\/types\/post"}],"author":[{"embeddable":true,"href":"https:\/\/strefa24.biz.ua\/index.php?rest_route=\/wp\/v2\/users\/1"}],"replies":[{"embeddable":true,"href":"https:\/\/strefa24.biz.ua\/index.php?rest_route=%2Fwp%2Fv2%2Fcomments&post=22130"}],"version-history":[{"count":1,"href":"https:\/\/strefa24.biz.ua\/index.php?rest_route=\/wp\/v2\/posts\/22130\/revisions"}],"predecessor-version":[{"id":22132,"href":"https:\/\/strefa24.biz.ua\/index.php?rest_route=\/wp\/v2\/posts\/22130\/revisions\/22132"}],"wp:featuredmedia":[{"embeddable":true,"href":"https:\/\/strefa24.biz.ua\/index.php?rest_route=\/wp\/v2\/media\/22131"}],"wp:attachment":[{"href":"https:\/\/strefa24.biz.ua\/index.php?rest_route=%2Fwp%2Fv2%2Fmedia&parent=22130"}],"wp:term":[{"taxonomy":"category","embeddable":true,"href":"https:\/\/strefa24.biz.ua\/index.php?rest_route=%2Fwp%2Fv2%2Fcategories&post=22130"},{"taxonomy":"post_tag","embeddable":true,"href":"https:\/\/strefa24.biz.ua\/index.php?rest_route=%2Fwp%2Fv2%2Ftags&post=22130"}],"curies":[{"name":"wp","href":"https:\/\/api.w.org\/{rel}","templated":true}]}}