{"id":22136,"date":"2026-04-26T15:54:46","date_gmt":"2026-04-26T15:54:46","guid":{"rendered":"https:\/\/strefa24.biz.ua\/?p=22136"},"modified":"2026-04-26T15:54:46","modified_gmt":"2026-04-26T15:54:46","slug":"sledztwo-po-smierci-lukasza-litewki-prokuratura-wyjasnia-zagadke-tablic-rejestracyjnych-i-telefonu","status":"publish","type":"post","link":"https:\/\/strefa24.biz.ua\/?p=22136","title":{"rendered":"\u015aledztwo po \u015bmierci \u0141ukasza Litewki. Prokuratura wyja\u015bnia zagadk\u0119 tablic rejestracyjnych i telefonu"},"content":{"rendered":"\n<p>W sobotnie popo\u0142udnie, 25 kwietnia, odby\u0142 si\u0119 briefing rzecznika Prokuratury Okr\u0119gowej w Sosnowcu, Bartosza Kiliana, kt\u00f3ry przybli\u017cy\u0142 najnowsze ustalenia dotycz\u0105ce tragicznego wypadku, w kt\u00f3rym zgin\u0105\u0142 pose\u0142 \u0141ukasz Litewka. <\/p>\n\n\n\n<p>Szczeg\u00f3ln\u0105 uwag\u0119 wzbudzi\u0142a fotografia rozbitego Mitsubishi Colta kierowanego przez 57-letniego mieszka\u0144ca Sosnowca, na kt\u00f3rej pojazd widoczny by\u0142 bez tablic rejestracyjnych.<\/p>\n\n\n\n<p>Prokurator Kilian uspokoi\u0142 opini\u0119 publiczn\u0105, wyja\u015bniaj\u0105c, \u017ce samoch\u00f3d mia\u0142 tablice rejestracyjne w chwili zdarzenia, ale zosta\u0142y one zdj\u0119te przez \u015bledczych w ramach zabezpieczania dowod\u00f3w.<\/p>\n\n\n\n<p> Potwierdzi\u0142 r\u00f3wnie\u017c, \u017ce pojazd by\u0142 ca\u0142kowicie sprawny technicznie.<\/p>\n\n\n\n<figure class=\"wp-block-image\"><img decoding=\"async\" src=\"https:\/\/bystryjanusz.pl\/wp-content\/uploads\/2026\/04\/1056.jpg\" alt=\"obrazek\"\/><\/figure>\n\n\n\n<p>Wa\u017cnym elementem \u015bledztwa jest telefon kom\u00f3rkowy kierowcy Mitsubishi. Urz\u0105dzenie zosta\u0142o zabezpieczone przez policj\u0119, a obecnie prokuratura bada, czy m\u0119\u017cczyzna korzysta\u0142 z niego tu\u017c przed wypadkiem. Na razie nie opublikowano w tej sprawie oficjalnych wynik\u00f3w.<\/p>\n\n\n\n<h2 class=\"wp-block-heading\" id=\"wypadek-lukasza-litewki-prokuratura-w-sosnowcu-apeluje-do-swiadkow\">Wypadek \u0141ukasza Litewki \u2013 apel Prokuratury w Sosnowcu do \u015bwiadk\u00f3w<\/h2>\n\n\n\n<p>Prokuratura Okr\u0119gowa w Sosnowcu apeluje do wszystkich \u015bwiadk\u00f3w zdarzenia z 23 kwietnia, by jak najszybciej zg\u0142osili si\u0119 na policj\u0119. Jak podkre\u015bli\u0142 prokurator Kilian, do tej pory nie zg\u0142osi\u0142 si\u0119 \u017caden bezpo\u015bredni \u015bwiadek tragedii, co znacznie utrudnia wyja\u015bnienie okoliczno\u015bci wypadku.<\/p>\n\n\n\n<p>Rzecznik prokuratury wzywa\u0142 r\u00f3wnie\u017c spo\u0142ecze\u0144stwo do powstrzymania si\u0119 od samodzielnych rekonstrukcji zdarzenia oraz od publikowania i ujawniania danych osobowych podejrzanego. Takie dzia\u0142ania mog\u0105 zak\u0142\u00f3ci\u0107 prowadzenie post\u0119powania.<\/p>\n\n\n\n<blockquote class=\"wp-block-quote is-layout-flow wp-block-quote-is-layout-flow\">\n<p><em>\u201eJeste\u015bmy o krok od nawo\u0142ywania do pope\u0142nienia linczu\u201d<\/em>&nbsp;\u2013 stwierdzi\u0142 prok. Bartosz Kilian, apeluj\u0105c o cierpliwo\u015b\u0107 i wyrozumia\u0142o\u015b\u0107.<\/p>\n<\/blockquote>\n\n\n\n<p>\u015aledczy w Sosnowcu kontynuuj\u0105 intensywne badania, by dok\u0142adnie ustali\u0107 przebieg tragicznych wydarze\u0144. Prokuratura prosi o opanowanie emocji i pozostawienie \u015bledztwu czasu na zebranie wszystkich dowod\u00f3w.<\/p>\n","protected":false},"excerpt":{"rendered":"W sobotnie popo\u0142udnie, 25 kwietnia, odby\u0142 si\u0119 briefing rzecznika Prokuratury Okr\u0119gowej w Sosnowcu, Bartosza Kiliana, kt\u00f3ry przybli\u017cy\u0142 najnowsze ustalenia dotycz\u0105ce tragicznego wypadku, w \n<a class=\"moretag\" href=\"https:\/\/strefa24.biz.ua\/?p=22136\"> [...]<\/a>","protected":false},"author":1,"featured_media":22137,"comment_status":"open","ping_status":"open","sticky":false,"template":"","format":"standard","meta":{"footnotes":""},"categories":[1],"tags":[],"class_list":["post-22136","post","type-post","status-publish","format-standard","has-post-thumbnail","hentry","category-blog"],"_links":{"self":[{"href":"https:\/\/strefa24.biz.ua\/index.php?rest_route=\/wp\/v2\/posts\/22136","targetHints":{"allow":["GET"]}}],"collection":[{"href":"https:\/\/strefa24.biz.ua\/index.php?rest_route=\/wp\/v2\/posts"}],"about":[{"href":"https:\/\/strefa24.biz.ua\/index.php?rest_route=\/wp\/v2\/types\/post"}],"author":[{"embeddable":true,"href":"https:\/\/strefa24.biz.ua\/index.php?rest_route=\/wp\/v2\/users\/1"}],"replies":[{"embeddable":true,"href":"https:\/\/strefa24.biz.ua\/index.php?rest_route=%2Fwp%2Fv2%2Fcomments&post=22136"}],"version-history":[{"count":1,"href":"https:\/\/strefa24.biz.ua\/index.php?rest_route=\/wp\/v2\/posts\/22136\/revisions"}],"predecessor-version":[{"id":22138,"href":"https:\/\/strefa24.biz.ua\/index.php?rest_route=\/wp\/v2\/posts\/22136\/revisions\/22138"}],"wp:featuredmedia":[{"embeddable":true,"href":"https:\/\/strefa24.biz.ua\/index.php?rest_route=\/wp\/v2\/media\/22137"}],"wp:attachment":[{"href":"https:\/\/strefa24.biz.ua\/index.php?rest_route=%2Fwp%2Fv2%2Fmedia&parent=22136"}],"wp:term":[{"taxonomy":"category","embeddable":true,"href":"https:\/\/strefa24.biz.ua\/index.php?rest_route=%2Fwp%2Fv2%2Fcategories&post=22136"},{"taxonomy":"post_tag","embeddable":true,"href":"https:\/\/strefa24.biz.ua\/index.php?rest_route=%2Fwp%2Fv2%2Ftags&post=22136"}],"curies":[{"name":"wp","href":"https:\/\/api.w.org\/{rel}","templated":true}]}}