{"id":22172,"date":"2026-04-26T17:27:35","date_gmt":"2026-04-26T17:27:35","guid":{"rendered":"https:\/\/strefa24.biz.ua\/?p=22172"},"modified":"2026-04-26T17:27:35","modified_gmt":"2026-04-26T17:27:35","slug":"zwrot-ws-trybunalu-konstytucyjnego-przewodniczacy-komisji-sejmowej-zlozyl-nieoczekiwana-propozycje","status":"publish","type":"post","link":"https:\/\/strefa24.biz.ua\/?p=22172","title":{"rendered":"Zwrot ws. Trybuna\u0142u Konstytucyjnego. Przewodnicz\u0105cy komisji sejmowej z\u0142o\u017cy\u0142 nieoczekiwan\u0105 propozycj\u0119"},"content":{"rendered":"\n<p>Sp\u00f3r dotycz\u0105cy Trybuna\u0142u Konstytucyjnego wchodzi w now\u0105, kluczow\u0105 faz\u0119. Przewodnicz\u0105cy sejmowej Komisji Sprawiedliwo\u015bci i Praw Cz\u0142owieka zapowiada zdecydowany ruch, kt\u00f3ry ma prze\u0142ama\u0107 impas i wymusi\u0107 na stronach konfliktu publiczne wyja\u015bnienia w sprawie kryzysu w tej instytucji.<\/p>\n\n\n\n<p>Napi\u0119ta sytuacja wok\u00f3\u0142 Trybuna\u0142u Konstytucyjnego<br>Od wielu tygodni wok\u00f3\u0142 Trybuna\u0142u panuje napi\u0119cie, skupiaj\u0105ce si\u0119 g\u0142\u00f3wnie na kontrowersjach zwi\u0105zanych z zaprzysi\u0119\u017ceniem nowych s\u0119dzi\u00f3w. W po\u0142owie marca Sejm wybra\u0142 sze\u015bciu nowych cz\u0142onk\u00f3w TK, jednak prezydent Karol Nawrocki przyj\u0105\u0142 \u015blubowanie jedynie od dw\u00f3ch z nich.<\/p>\n\n\n\n<p>To wywo\u0142a\u0142o ostry sp\u00f3r konstytucyjny, kt\u00f3ry podzieli\u0142 \u015brodowiska prawnicze i polityczne. Zwolennicy obozu prezydenckiego twierdz\u0105, \u017ce cz\u0119\u015b\u0107 s\u0119dzi\u00f3w wybrano po wyga\u015bni\u0119ciu kadencji poprzednik\u00f3w, co budzi w\u0105tpliwo\u015bci prawne. Rz\u0105dz\u0105ca koalicja oraz sami s\u0119dziowie kategorycznie odrzucaj\u0105 te zarzuty.<\/p>\n\n\n\n<figure class=\"wp-block-image\"><img decoding=\"async\" src=\"https:\/\/czu.pl\/wp-content\/uploads\/2026\/04\/1051.jpg\" alt=\"obrazek\"\/><\/figure>\n\n\n\n<p>Wyj\u0105tkowym precedensem by\u0142o zdarzenie z 8 kwietnia, gdy wszyscy wybrani s\u0119dziowie z\u0142o\u017cyli \u015blubowanie w Sejmie bez udzia\u0142u prezydenta. Krok ten spotka\u0142 si\u0119 z krytyk\u0105 cz\u0119\u015bci prawnik\u00f3w.<\/p>\n\n\n\n<p>Prezes Trybuna\u0142u Konstytucyjnego Bogdan \u015awi\u0119czkowski o\u015bwiadczy\u0142, \u017ce pe\u0142noprawnymi s\u0119dziami uznaje tylko tych zaprzysi\u0119\u017conych w Pa\u0142acu Prezydenckim. W efekcie czterech nowych s\u0119dzi\u00f3w nie mo\u017ce orzeka\u0107, co pog\u0142\u0119bia parali\u017c instytucji.<\/p>\n\n\n\n<p>Politycy podkre\u015blaj\u0105, \u017ce ten stan rzeczy powoduje rosn\u0105c\u0105 liczb\u0119 nierozpatrzonych spraw, co podwa\u017ca autorytet Trybuna\u0142u i sprawno\u015b\u0107 pa\u0144stwa.<\/p>\n\n\n\n<h2 class=\"wp-block-heading\">Pawe\u0142 \u015aliz chce wymusi\u0107 prze\u0142om<\/h2>\n\n\n\n<p>W odpowiedzi na eskaluj\u0105cy konflikt przewodnicz\u0105cy Komisji Sprawiedliwo\u015bci i Praw Cz\u0142owieka Pawe\u0142 \u015aliz skierowa\u0142 oficjalne zaproszenia do prezesa TK, wszystkich s\u0119dzi\u00f3w oraz ministra sprawiedliwo\u015bci Waldemara \u017burka na posiedzenie komisji zaplanowane na 28 kwietnia o godz. 16:00.<\/p>\n\n\n\n<p>Inicjatywa \u015aliza ma przynie\u015b\u0107 prze\u0142om w sporze. W zdecydowanym wpisie na platformie X (dawniej Twitter) napisa\u0142:<\/p>\n\n\n\n<blockquote class=\"wp-block-quote is-layout-flow wp-block-quote-is-layout-flow\">\n<p>Powiem kr\u00f3tko: DO\u015a\u0106 parali\u017cu w Trybunale Konstytucyjnym. Jako adwokat i Przewodnicz\u0105cy Komisji Sprawiedliwo\u015bci i Praw Cz\u0142owieka nie b\u0119d\u0119 bezczynnie patrzy\u0142, jak na naszych oczach ceg\u0142a po cegle rozbieraj\u0105 fundamenty Rzeczypospolitej. Trybuna\u0142 to mur, o kt\u00f3ry rozbijaj\u0105 si\u0119 nadzieje obywateli.<\/p>\n<\/blockquote>\n\n\n\n<p>Doda\u0142, \u017ce sytuacja wywo\u0142uje kryzys zaufania spo\u0142ecznego \u2013 badania wskazuj\u0105, i\u017c ponad po\u0142owa Polak\u00f3w nie ufa TK, a w \u201ezamra\u017carce\u201d zalega ponad 500 spraw zwyk\u0142ych obywateli.<\/p>\n\n\n\n<p>Posiedzenie ma by\u0107 momentem \u201ewielkiego sprawdzam\u201d \u2013 konfrontacj\u0105 stron i wyja\u015bnieniem spor\u00f3w o status s\u0119dzi\u00f3w.<\/p>\n\n\n\n<blockquote class=\"wp-block-quote is-layout-flow wp-block-quote-is-layout-flow\">\n<p>Albo przywr\u00f3cimy elementarny porz\u0105dek, albo pozwolimy, by chaos sta\u0142 si\u0119 prawem \u2013 stwierdzi\u0142 \u015aliz.<\/p>\n<\/blockquote>\n\n\n\n<p>Zaproszenie obejmuje przedstawicieli w\u0142adzy wykonawczej i \u015brodowiska s\u0105downictwa konstytucyjnego. To pierwsza pr\u00f3ba instytucjonalnego, publicznego rozwi\u0105zania konfliktu, cho\u0107 niepewny jest udzia\u0142 wszystkich zaproszonych.<\/p>\n\n\n\n<h2 class=\"wp-block-heading\">Korzenie kryzysu si\u0119gaj\u0105 2015 roku<\/h2>\n\n\n\n<p>Obecny sp\u00f3r nie jest nowy \u2013 wywodzi si\u0119 z problem\u00f3w z 2015 r., gdy wybuch\u0142 pierwszy konflikt o wyb\u00f3r s\u0119dzi\u00f3w TK.<\/p>\n\n\n\n<p>W pa\u017adzierniku 2015 r. Sejm VII kadencji wybra\u0142 pi\u0119ciu s\u0119dzi\u00f3w, ale miesi\u0105c p\u00f3\u017aniej nowy parlament zakwestionowa\u0142 te nominacje. Rz\u0105dz\u0105cy w\u00f3wczas politycy PiS uniewa\u017cnili wybory i powo\u0142ali w\u0142asnych kandydat\u00f3w.<\/p>\n\n\n\n<p>Trybuna\u0142 uzna\u0142 legalno\u015b\u0107 cz\u0119\u015bci wcze\u015bniejszych wybor\u00f3w, lecz prezydent Andrzej Duda nie przyj\u0105\u0142 \u015blubowania od niekt\u00f3rych s\u0119dzi\u00f3w poprzedniego Sejmu.<\/p>\n\n\n\n<p>To zdarzenie uznaje si\u0119 za pocz\u0105tek kryzysu konstytucyjnego, pog\u0142\u0119bianego kolejnymi decyzjami politycznymi i prawnymi. Spory o legalno\u015b\u0107 nominacji, status s\u0119dzi\u00f3w i funkcjonowanie TK uczyni\u0142y z instytucji jeden z najbardziej kontrowersyjnych organ\u00f3w pa\u0144stwa.<\/p>\n\n\n\n<p>Obecne problemy \u2013 w tym sp\u00f3r o s\u0119dzi\u00f3w i dzia\u0142ania prokuratury \u2013 to kolejny etap dekadnego konfliktu. Eksperci podkre\u015blaj\u0105, \u017ce rozwi\u0105zanie wymaga nie tylko orzecze\u0144, ale przede wszystkim politycznego kompromisu, kt\u00f3rego na razie brak.<\/p>\n","protected":false},"excerpt":{"rendered":"Sp\u00f3r dotycz\u0105cy Trybuna\u0142u Konstytucyjnego wchodzi w now\u0105, kluczow\u0105 faz\u0119. Przewodnicz\u0105cy sejmowej Komisji Sprawiedliwo\u015bci i Praw Cz\u0142owieka zapowiada zdecydowany ruch, kt\u00f3ry ma prze\u0142ama\u0107 impas \n<a class=\"moretag\" href=\"https:\/\/strefa24.biz.ua\/?p=22172\"> [...]<\/a>","protected":false},"author":1,"featured_media":22173,"comment_status":"open","ping_status":"open","sticky":false,"template":"","format":"standard","meta":{"footnotes":""},"categories":[1],"tags":[],"class_list":["post-22172","post","type-post","status-publish","format-standard","has-post-thumbnail","hentry","category-blog"],"_links":{"self":[{"href":"https:\/\/strefa24.biz.ua\/index.php?rest_route=\/wp\/v2\/posts\/22172","targetHints":{"allow":["GET"]}}],"collection":[{"href":"https:\/\/strefa24.biz.ua\/index.php?rest_route=\/wp\/v2\/posts"}],"about":[{"href":"https:\/\/strefa24.biz.ua\/index.php?rest_route=\/wp\/v2\/types\/post"}],"author":[{"embeddable":true,"href":"https:\/\/strefa24.biz.ua\/index.php?rest_route=\/wp\/v2\/users\/1"}],"replies":[{"embeddable":true,"href":"https:\/\/strefa24.biz.ua\/index.php?rest_route=%2Fwp%2Fv2%2Fcomments&post=22172"}],"version-history":[{"count":1,"href":"https:\/\/strefa24.biz.ua\/index.php?rest_route=\/wp\/v2\/posts\/22172\/revisions"}],"predecessor-version":[{"id":22174,"href":"https:\/\/strefa24.biz.ua\/index.php?rest_route=\/wp\/v2\/posts\/22172\/revisions\/22174"}],"wp:featuredmedia":[{"embeddable":true,"href":"https:\/\/strefa24.biz.ua\/index.php?rest_route=\/wp\/v2\/media\/22173"}],"wp:attachment":[{"href":"https:\/\/strefa24.biz.ua\/index.php?rest_route=%2Fwp%2Fv2%2Fmedia&parent=22172"}],"wp:term":[{"taxonomy":"category","embeddable":true,"href":"https:\/\/strefa24.biz.ua\/index.php?rest_route=%2Fwp%2Fv2%2Fcategories&post=22172"},{"taxonomy":"post_tag","embeddable":true,"href":"https:\/\/strefa24.biz.ua\/index.php?rest_route=%2Fwp%2Fv2%2Ftags&post=22172"}],"curies":[{"name":"wp","href":"https:\/\/api.w.org\/{rel}","templated":true}]}}