{"id":22207,"date":"2026-04-27T14:15:26","date_gmt":"2026-04-27T14:15:26","guid":{"rendered":"https:\/\/strefa24.biz.ua\/?p=22207"},"modified":"2026-04-27T14:15:26","modified_gmt":"2026-04-27T14:15:26","slug":"pogrzeb-lukasza-litewki-apel-bliskich-on-na-pewno-by-wolal","status":"publish","type":"post","link":"https:\/\/strefa24.biz.ua\/?p=22207","title":{"rendered":"Pogrzeb \u0141ukasza Litewki. Apel bliskich, \u201eon na pewno by wola\u0142\u201d"},"content":{"rendered":"\n<p>Rodzina oraz najbli\u017csi tragicznie zmar\u0142ego pos\u0142a Nowej Lewicy \u0141ukasza Litewki wystosowali wzruszaj\u0105cy apel do wszystkich planuj\u0105cych udzia\u0142 w pogrzebie. <\/p>\n\n\n\n<p>Prosz\u0105, by zamiast kwiat\u00f3w i wi\u0105zanek ka\u017cdy wykona\u0142 dowolny gest dobroci.<\/p>\n\n\n\n<blockquote class=\"wp-block-quote is-layout-flow wp-block-quote-is-layout-flow\">\n<p>\u201eWiemy, \u017ce wielu z Was chcia\u0142oby po\u017cegna\u0107 \u0141ukasza w \u015brod\u0119. Prosimy, aby zamiast kwiat\u00f3w, wi\u0105zanek wykona\u0107 dowolny gest dobroci. <\/p>\n\n\n\n<p>On na pewno wola\u0142by, aby\u015bcie kontynuowali jego misj\u0119 i po prostu nie\u015bli dobro. Zr\u00f3bcie zakupy potrzebuj\u0105cym, wp\u0142a\u0107cie na zbi\u00f3rk\u0119 walcz\u0105cym o \u017cycie, wspom\u00f3\u017ccie najbli\u017csze schronisko czy organizacje pomocowe\u201d \u2013 przekazali bliscy za po\u015brednictwem medi\u00f3w spo\u0142eczno\u015bciowych.<\/p>\n<\/blockquote>\n\n\n\n<p>Ten apel nadaje prawdziwy sens chwilom pami\u0119ci i pozwala uczci\u0107 postaw\u0119 polityka pe\u0142nego empatii i troski o innych.<\/p>\n\n\n\n<h2 class=\"wp-block-heading\">Data i miejsce uroczysto\u015bci pogrzebowych<\/h2>\n\n\n\n<p>Pogrzeb \u0141ukasza Litewki odb\u0119dzie si\u0119 w \u015brod\u0119, 29 kwietnia. Uroczysto\u015bci \u017ca\u0142obne rozpoczn\u0105 si\u0119 o godzinie 13:30 w Ko\u015bciele Parafii Rzymskokatolickiej pw. \u015bw. Joachima przy ul. Popie\u0142uszki 46 w Sosnowcu.<\/p>\n\n\n\n<p>Po mszy \u015bwi\u0119tej cia\u0142o pos\u0142a zostanie pochowane na cmentarzu przy ul. Zuzanny. Kancelaria Sejmu poinformowa\u0142a, \u017ce pogrzeb b\u0119dzie mia\u0142 charakter pa\u0144stwowy, co podkre\u015bla wielkie znaczenie zmar\u0142ego polityka dla kraju.<\/p>\n\n\n\n<figure class=\"wp-block-image\"><img decoding=\"async\" src=\"https:\/\/czu.pl\/wp-content\/uploads\/2026\/04\/1066.jpg\" alt=\"obrazek\"\/><\/figure>\n\n\n\n<h2 class=\"wp-block-heading\">Tragiczne okoliczno\u015bci \u015bmierci \u0141ukasza Litewki<\/h2>\n\n\n\n<p>\u0141ukasz Litewka zgin\u0105\u0142 w wypadku drogowym w czwartek na ul. Kazimierzowskiej w D\u0105browie G\u00f3rniczej. Wed\u0142ug wst\u0119pnych ustale\u0144 policji, 57-letni mieszkaniec Sosnowca zjecha\u0142 samochodem na przeciwleg\u0142y pas ruchu i uderzy\u0142 w pos\u0142a jad\u0105cego rowerem.<\/p>\n\n\n\n<p>Pomimo szybkiej reakcji s\u0142u\u017cb ratunkowych, pos\u0142a nie uda\u0142o si\u0119 uratowa\u0107 \u2013 zmar\u0142 na miejscu. Sekcja zw\u0142ok wykaza\u0142a, \u017ce przyczyn\u0105 \u015bmierci by\u0142 krwotok spowodowany rozleg\u0142ymi obra\u017ceniami ko\u0144czyn dolnych.<\/p>\n\n\n\n<h2 class=\"wp-block-heading\">Zatrzymanie kierowcy i konsekwencje prawne<\/h2>\n\n\n\n<p>Kierowca, kt\u00f3ry spowodowa\u0142 wypadek, zosta\u0142 zatrzymany przez policj\u0119. W sobot\u0119 s\u0105d zastosowa\u0142 wobec niego tymczasowe aresztowanie. Us\u0142ysza\u0142 zarzut spowodowania wypadku komunikacyjnego ze skutkiem \u015bmiertelnym.<\/p>\n\n\n\n<p>Za to przest\u0119pstwo grozi mu kara wi\u0119zienia od 6 miesi\u0119cy do 8 lat.<\/p>\n\n\n\n<h2 class=\"wp-block-heading\">\u0141ukasz Litewka \u2013 wspomnienie polityka pe\u0142nego serca<\/h2>\n\n\n\n<p>\u0141ukasz Litewka zostanie po\u017cegnany w otoczeniu najbli\u017cszych ze \u0142zami, \u017calem, ale i szacunkiem, z honorami pa\u0144stwowymi. Bliscy podkre\u015blaj\u0105, \u017ce zamiast tradycyjnych kwiat\u00f3w pragn\u0105, by pami\u0119\u0107 o nim objawia\u0142a si\u0119 w czynach na rzecz innych.<\/p>\n\n\n\n<p>To gest, kt\u00f3ry uczci jego \u017cycie i promuje warto\u015bci, kt\u00f3rym by\u0142 wierny: solidarno\u015b\u0107, pomoc i zaanga\u017cowanie spo\u0142eczne.<\/p>\n","protected":false},"excerpt":{"rendered":"Rodzina oraz najbli\u017csi tragicznie zmar\u0142ego pos\u0142a Nowej Lewicy \u0141ukasza Litewki wystosowali wzruszaj\u0105cy apel do wszystkich planuj\u0105cych udzia\u0142 w pogrzebie. Prosz\u0105, by zamiast kwiat\u00f3w \n<a class=\"moretag\" href=\"https:\/\/strefa24.biz.ua\/?p=22207\"> [...]<\/a>","protected":false},"author":1,"featured_media":22208,"comment_status":"open","ping_status":"open","sticky":false,"template":"","format":"standard","meta":{"footnotes":""},"categories":[1],"tags":[],"class_list":["post-22207","post","type-post","status-publish","format-standard","has-post-thumbnail","hentry","category-blog"],"_links":{"self":[{"href":"https:\/\/strefa24.biz.ua\/index.php?rest_route=\/wp\/v2\/posts\/22207","targetHints":{"allow":["GET"]}}],"collection":[{"href":"https:\/\/strefa24.biz.ua\/index.php?rest_route=\/wp\/v2\/posts"}],"about":[{"href":"https:\/\/strefa24.biz.ua\/index.php?rest_route=\/wp\/v2\/types\/post"}],"author":[{"embeddable":true,"href":"https:\/\/strefa24.biz.ua\/index.php?rest_route=\/wp\/v2\/users\/1"}],"replies":[{"embeddable":true,"href":"https:\/\/strefa24.biz.ua\/index.php?rest_route=%2Fwp%2Fv2%2Fcomments&post=22207"}],"version-history":[{"count":1,"href":"https:\/\/strefa24.biz.ua\/index.php?rest_route=\/wp\/v2\/posts\/22207\/revisions"}],"predecessor-version":[{"id":22209,"href":"https:\/\/strefa24.biz.ua\/index.php?rest_route=\/wp\/v2\/posts\/22207\/revisions\/22209"}],"wp:featuredmedia":[{"embeddable":true,"href":"https:\/\/strefa24.biz.ua\/index.php?rest_route=\/wp\/v2\/media\/22208"}],"wp:attachment":[{"href":"https:\/\/strefa24.biz.ua\/index.php?rest_route=%2Fwp%2Fv2%2Fmedia&parent=22207"}],"wp:term":[{"taxonomy":"category","embeddable":true,"href":"https:\/\/strefa24.biz.ua\/index.php?rest_route=%2Fwp%2Fv2%2Fcategories&post=22207"},{"taxonomy":"post_tag","embeddable":true,"href":"https:\/\/strefa24.biz.ua\/index.php?rest_route=%2Fwp%2Fv2%2Ftags&post=22207"}],"curies":[{"name":"wp","href":"https:\/\/api.w.org\/{rel}","templated":true}]}}