{"id":22210,"date":"2026-04-27T14:20:16","date_gmt":"2026-04-27T14:20:16","guid":{"rendered":"https:\/\/strefa24.biz.ua\/?p=22210"},"modified":"2026-04-27T14:20:16","modified_gmt":"2026-04-27T14:20:16","slug":"zdjecie-z-dziecinstwa-ktore-stalo-sie-viralem-chlopiec-ktory-dorosl-i-zostal","status":"publish","type":"post","link":"https:\/\/strefa24.biz.ua\/?p=22210","title":{"rendered":"Zdj\u0119cie z dzieci\u0144stwa, kt\u00f3re sta\u0142o si\u0119 viralem: Ch\u0142opiec, kt\u00f3ry dor\u00f3s\u0142 i zosta\u0142\u2026."},"content":{"rendered":"\n<p>Zdj\u0119cie ma\u0142ego ch\u0142opca w ostatnim czasie zacz\u0119\u0142o b\u0142yskawicznie rozprzestrzenia\u0107 si\u0119 w internecie, a u\u017cytkownicy medi\u00f3w spo\u0142eczno\u015bciowych z ogromnym zainteresowaniem zacz\u0119li je udost\u0119pnia\u0107, zadaj\u0105c jedno proste pytanie: kim jest to dziecko i jak\u0105 osob\u0105 sta\u0142o si\u0119 po latach.<\/p>\n\n\n\n<p>Na pierwszy rzut oka fotografia wygl\u0105da jak zwyk\u0142y, niewinny portret z dawnych lat, jednak im d\u0142u\u017cej si\u0119 na ni\u0105 patrzy, tym bardziej przyci\u0105ga uwag\u0119 wyraz twarzy ch\u0142opca, kt\u00f3ry wydaje si\u0119 jednocze\u015bnie spokojny, skupiony i w jaki\u015b spos\u00f3b pewny siebie.<\/p>\n\n\n\n<p>Ch\u0142opiec ma na sobie eleganck\u0105 koszul\u0119 zapinan\u0105 na guziki, z charakterystycznym wzorem w krat\u0119, a jego d\u0142onie s\u0105 splecione w spos\u00f3b, kt\u00f3ry nadaje ca\u0142ej scenie niemal symbolicznego znaczenia, jakby ju\u017c wtedy zdradza\u0142 cechy, kt\u00f3re w przysz\u0142o\u015bci mia\u0142y odegra\u0107 kluczow\u0105 rol\u0119.<\/p>\n\n\n\n<p>T\u0142o zdj\u0119cia jest proste i neutralne, co jeszcze bardziej kieruje uwag\u0119 na jego twarz, jasne oczy i blond w\u0142osy, kt\u00f3re sta\u0142y si\u0119 p\u00f3\u017aniej jednymi z najbardziej rozpoznawalnych element\u00f3w jego wizerunku.<\/p>\n\n\n\n<p>Wraz z rosn\u0105c\u0105 popularno\u015bci\u0105 zdj\u0119cia, w komentarzach zacz\u0119\u0142y pojawia\u0107 si\u0119 pierwsze domys\u0142y, a internauci pr\u00f3bowali zgadywa\u0107, kim jest ten ch\u0142opiec, por\u00f3wnuj\u0105c jego rysy twarzy do znanych postaci ze \u015bwiata polityki, biznesu i medi\u00f3w.<\/p>\n\n\n\n<p>Niekt\u00f3rzy od razu twierdzili, \u017ce widz\u0105 w nim kogo\u015b znajomego, inni potrzebowali chwili, by po\u0142\u0105czy\u0107 fakty, jednak z ka\u017cd\u0105 godzin\u0105 odpowied\u017a stawa\u0142a si\u0119 coraz bardziej oczywista dla coraz wi\u0119kszej liczby os\u00f3b.<\/p>\n\n\n\n<p>Okaza\u0142o si\u0119, \u017ce ch\u0142opiec ze zdj\u0119cia wyr\u00f3s\u0142 na jedn\u0105 z najbardziej rozpoznawalnych i jednocze\u015bnie najbardziej kontrowersyjnych postaci wsp\u00f3\u0142czesnego \u015bwiata \u2013 Donalda Trumpa.<\/p>\n\n\n\n<p>To w\u0142a\u015bnie ta \u015bwiadomo\u015b\u0107 sprawi\u0142a, \u017ce fotografia zyska\u0142a tak ogromny rozg\u0142os, poniewa\u017c ludzie zacz\u0119li dostrzega\u0107, jak wiele cech, kt\u00f3re kojarzymy dzi\u015b z doros\u0142ym m\u0119\u017cczyzn\u0105, mo\u017cna by\u0142o zauwa\u017cy\u0107 ju\u017c na jego dzieci\u0119cym portrecie.<\/p>\n\n\n\n<p>W komentarzach nie brakowa\u0142o reakcji pe\u0142nych zaskoczenia, ale te\u017c takich, kt\u00f3re sugerowa\u0142y, \u017ce podobie\u0144stwo jest wr\u0119cz uderzaj\u0105ce i trudne do przeoczenia nawet bez podpowiedzi.<\/p>\n\n\n\n<p>Niekt\u00f3rzy u\u017cytkownicy pisali, \u017ce spojrzenie ch\u0142opca jest niemal identyczne jak to, kt\u00f3re znamy z wyst\u0105pie\u0144 publicznych, inni zwracali uwag\u0119 na charakterystyczny uk\u0142ad twarzy i pewno\u015b\u0107 siebie widoczn\u0105 ju\u017c w tak m\u0142odym wieku.<\/p>\n\n\n\n<p>Zdj\u0119cie sta\u0142o si\u0119 czym\u015b wi\u0119cej ni\u017c tylko ciekawostk\u0105 \u2013 dla wielu os\u00f3b by\u0142o dowodem na to, \u017ce pewne cechy osobowo\u015bci mog\u0105 by\u0107 widoczne ju\u017c od najm\u0142odszych lat, zanim jeszcze \u017cycie nada im konkretny kierunek.<\/p>\n\n\n\n<p>Historia Donalda Trumpa, od dzieci\u0144stwa a\u017c po doros\u0142o\u015b\u0107, jest jedn\u0105 z tych, kt\u00f3re pokazuj\u0105, jak bardzo mo\u017ce zmieni\u0107 si\u0119 \u017cycie jednej osoby na przestrzeni lat, a jednocze\u015bnie jak pewne elementy pozostaj\u0105 niezmienne.<\/p>\n\n\n\n<p>Z ch\u0142opca o spokojnym, ale zdecydowanym spojrzeniu wyr\u00f3s\u0142 cz\u0142owiek, kt\u00f3ry zbudowa\u0142 pot\u0119\u017cne imperium biznesowe, a nast\u0119pnie wkroczy\u0142 do \u015bwiata polityki, zdobywaj\u0105c jedn\u0105 z najwa\u017cniejszych funkcji na \u015bwiecie.<\/p>\n\n\n\n<p>Jego droga nie by\u0142a pozbawiona kontrowersji, decyzji budz\u0105cych skrajne emocje oraz moment\u00f3w, kt\u00f3re dzieli\u0142y opini\u0119 publiczn\u0105, jednak bez wzgl\u0119du na ocen\u0119, trudno zaprzeczy\u0107, \u017ce sta\u0142 si\u0119 postaci\u0105, o kt\u00f3rej m\u00f3wi ca\u0142y \u015bwiat.<\/p>\n\n\n\n<p>To w\u0142a\u015bnie dlatego stare zdj\u0119cia, takie jak to, budz\u0105 tak du\u017ce zainteresowanie \u2013 pokazuj\u0105 pocz\u0105tek historii, kt\u00f3ra p\u00f3\u017aniej przybiera zupe\u0142nie nieoczekiwany obr\u00f3t i prowadzi do miejsc, kt\u00f3rych nikt nie by\u0142by w stanie przewidzie\u0107.<\/p>\n\n\n\n<p>Dla wielu os\u00f3b takie fotografie maj\u0105 te\u017c wymiar symboliczny, poniewa\u017c przypominaj\u0105, \u017ce ka\u017cdy cz\u0142owiek \u2013 niezale\u017cnie od tego, jak wielk\u0105 rol\u0119 odegra w przysz\u0142o\u015bci \u2013 zaczyna dok\u0142adnie tak samo, jako dziecko z w\u0142asnymi marzeniami, emocjami i potencja\u0142em.<\/p>\n\n\n\n<p>To zdj\u0119cie jest wi\u0119c nie tylko ciekawostk\u0105 z przesz\u0142o\u015bci, ale te\u017c pewnego rodzaju refleksj\u0105 nad tym, jak bardzo \u017cycie potrafi zaskakiwa\u0107 i jak daleko mo\u017ce zaprowadzi\u0107 cz\u0142owieka droga, kt\u00f3ra zaczyna si\u0119 od tak prostych, niewinnych chwil.<\/p>\n","protected":false},"excerpt":{"rendered":"Zdj\u0119cie ma\u0142ego ch\u0142opca w ostatnim czasie zacz\u0119\u0142o b\u0142yskawicznie rozprzestrzenia\u0107 si\u0119 w internecie, a u\u017cytkownicy medi\u00f3w spo\u0142eczno\u015bciowych z ogromnym zainteresowaniem zacz\u0119li je udost\u0119pnia\u0107, zadaj\u0105c \n<a class=\"moretag\" href=\"https:\/\/strefa24.biz.ua\/?p=22210\"> [...]<\/a>","protected":false},"author":1,"featured_media":22211,"comment_status":"open","ping_status":"open","sticky":false,"template":"","format":"standard","meta":{"footnotes":""},"categories":[1],"tags":[],"class_list":["post-22210","post","type-post","status-publish","format-standard","has-post-thumbnail","hentry","category-blog"],"_links":{"self":[{"href":"https:\/\/strefa24.biz.ua\/index.php?rest_route=\/wp\/v2\/posts\/22210","targetHints":{"allow":["GET"]}}],"collection":[{"href":"https:\/\/strefa24.biz.ua\/index.php?rest_route=\/wp\/v2\/posts"}],"about":[{"href":"https:\/\/strefa24.biz.ua\/index.php?rest_route=\/wp\/v2\/types\/post"}],"author":[{"embeddable":true,"href":"https:\/\/strefa24.biz.ua\/index.php?rest_route=\/wp\/v2\/users\/1"}],"replies":[{"embeddable":true,"href":"https:\/\/strefa24.biz.ua\/index.php?rest_route=%2Fwp%2Fv2%2Fcomments&post=22210"}],"version-history":[{"count":1,"href":"https:\/\/strefa24.biz.ua\/index.php?rest_route=\/wp\/v2\/posts\/22210\/revisions"}],"predecessor-version":[{"id":22212,"href":"https:\/\/strefa24.biz.ua\/index.php?rest_route=\/wp\/v2\/posts\/22210\/revisions\/22212"}],"wp:featuredmedia":[{"embeddable":true,"href":"https:\/\/strefa24.biz.ua\/index.php?rest_route=\/wp\/v2\/media\/22211"}],"wp:attachment":[{"href":"https:\/\/strefa24.biz.ua\/index.php?rest_route=%2Fwp%2Fv2%2Fmedia&parent=22210"}],"wp:term":[{"taxonomy":"category","embeddable":true,"href":"https:\/\/strefa24.biz.ua\/index.php?rest_route=%2Fwp%2Fv2%2Fcategories&post=22210"},{"taxonomy":"post_tag","embeddable":true,"href":"https:\/\/strefa24.biz.ua\/index.php?rest_route=%2Fwp%2Fv2%2Ftags&post=22210"}],"curies":[{"name":"wp","href":"https:\/\/api.w.org\/{rel}","templated":true}]}}