{"id":22214,"date":"2026-04-27T14:31:45","date_gmt":"2026-04-27T14:31:45","guid":{"rendered":"https:\/\/strefa24.biz.ua\/?p=22214"},"modified":"2026-04-27T14:31:45","modified_gmt":"2026-04-27T14:31:45","slug":"mezczyzne-ktory-zatlukl-swoje-dziecko-na-smierc-czeka-straszna-kara-po-tym-jak-wspolwiezien-odkryl-jego-sekret","status":"publish","type":"post","link":"https:\/\/strefa24.biz.ua\/?p=22214","title":{"rendered":"M\u0119\u017cczyzn\u0119, kt\u00f3ry zat\u0142uk\u0142 swoje dziecko na \u015bmier\u0107, czeka straszna kara po tym, jak wsp\u00f3\u0142wi\u0119zie\u0144 odkry\u0142 jego sekret."},"content":{"rendered":"\n<p>W mrocznych korytarzach wi\u0119zienia w Leeds akt zemsty wstrz\u0105sn\u0105\u0142 Wielk\u0105 Brytani\u0105. <\/p>\n\n\n\n<p>Znaleziono martwego wi\u0119\u017ania, ofiar\u0119 brutalnego morderstwa pope\u0142nionego przez innego wi\u0119\u017ania. <\/p>\n\n\n\n<p>Kim s\u0105 bohaterowie tej tragedii i jakie by\u0142y okoliczno\u015bci tego desperackiego aktu?<\/p>\n\n\n\n<p>Pokazy slajd\u00f3w<\/p>\n\n\n\n<figure class=\"wp-block-image\"><img decoding=\"async\" src=\"https:\/\/cdn.viepratique.fr\/wp-content\/uploads\/viepratique\/2025\/07\/un-jeune-homme-emprisonne-pour-infanticide-retrouve-mort-400x220.jpg\" alt=\"\"\/><\/figure>\n\n\n\n<p>1\/12 Makabryczne odkrycie&nbsp;Liam Deane, 22-latek, zosta\u0142 osadzony w wi\u0119zieniu w Leeds za zab\u00f3jstwo swojej dwudniowej c\u00f3rki. Zosta\u0142 znaleziony martwy w swojej celi w listopadzie 2017 roku.<\/p>\n\n\n\n<figure class=\"wp-block-image\"><img decoding=\"async\" src=\"https:\/\/cdn.viepratique.fr\/wp-content\/uploads\/viepratique\/2025\/07\/un-codetenu-accuse-de-meurtre-avec-une-bouteille-cassee-400x220.jpg\" alt=\"\"\/><\/figure>\n\n\n\n<p>2\/12 Wsp\u00f3\u0142wi\u0119zie\u0144 oskar\u017cony o morderstwo&nbsp;John Westland, r\u00f3wnie\u017c osadzony w wi\u0119zieniu HMP Leeds, jest oskar\u017cony o zab\u00f3jstwo Deane&#8217;a. Do pope\u0142nienia czynu rzekomo u\u017cy\u0142 rozbitej butelki.<\/p>\n\n\n\n<figure class=\"wp-block-image\"><img decoding=\"async\" src=\"https:\/\/cdn.viepratique.fr\/wp-content\/uploads\/viepratique\/2025\/07\/un-detenu-avec-un-passe-criminel-agit-sur-une-fausse-croyance-400x220.jpg\" alt=\"\"\/><\/figure>\n\n\n\n<p>3\/12 Dzia\u0142anie w oparciu o fa\u0142szywe przekonanieWestland mia\u0142 d\u0142ug\u0105 kartotek\u0119 kryminaln\u0105. B\u0142\u0119dnie uzna\u0142 Deane&#8217;a za przest\u0119pc\u0119 seksualnego, co by\u0142o motywacj\u0105 do aktu przemocy.<\/p>\n\n\n\n<figure class=\"wp-block-image\"><img decoding=\"async\" src=\"https:\/\/cdn.viepratique.fr\/wp-content\/uploads\/viepratique\/2025\/07\/un-juge-critique-lhypocrisie-dun-detenu-dans-les-dynamiques-carcerales-400x220.jpg\" alt=\"\"\/><\/figure>\n\n\n\n<p>4\/12 S\u0119dzia krytykuje hipokryzj\u0119 wi\u0119\u017ania&nbsp;S\u0119dzia skrytykowa\u0142 Westlanda za to, \u017ce s\u0105dzi\u0142 innego wi\u0119\u017ania, mimo \u017ce sam ma za sob\u0105 przesz\u0142o\u015b\u0107 kryminaln\u0105. Sprawa ilustruje z\u0142o\u017con\u0105 dynamik\u0119 \u017cycia wi\u0119ziennego.<\/p>\n\n\n\n<figure class=\"wp-block-image\"><img decoding=\"async\" src=\"https:\/\/cdn.viepratique.fr\/wp-content\/uploads\/viepratique\/2025\/07\/les-autorites-soulignent-les-defis-de-la-securite-en-prison-400x220.jpg\" alt=\"\"\/><\/figure>\n\n\n\n<p>5\/12 Wyzwania bezpiecze\u0144stwa wi\u0119ziennegoPolicja okre\u015bli\u0142a morderstwo Luny jako przera\u017caj\u0105ce. Deane mia\u0142 prawo do pokojowego wyroku. Sprawa uwypukla wyzwania zwi\u0105zane z zapewnieniem bezpiecze\u0144stwa w wi\u0119zieniu.<\/p>\n\n\n\n<figure class=\"wp-block-image\"><img decoding=\"async\" src=\"https:\/\/cdn.viepratique.fr\/wp-content\/uploads\/viepratique\/2025\/07\/un-detenu-reconnu-coupable-de-meurtre-avec-des-preuves-declats-de-verre-400x220.jpg\" alt=\"\"\/><\/figure>\n\n\n\n<p>6\/12 Dowody potwierdzaj\u0105ce twierdzeniaWestland zosta\u0142 uznany winnym morderstwa Deane&#8217;a i skazany na co najmniej 19 lat wi\u0119zienia. Dowodami by\u0142y od\u0142amki szk\u0142a i odciski palc\u00f3w.<\/p>\n\n\n\n<figure class=\"wp-block-image\"><img decoding=\"async\" src=\"https:\/\/cdn.viepratique.fr\/wp-content\/uploads\/viepratique\/2025\/07\/un-detenu-stigmatise-face-a-des-menaces-quotidiennes-400x220.jpg\" alt=\"\"\/><\/figure>\n\n\n\n<p>7\/12 Codzienne zagro\u017ceniaDeane by\u0142 pi\u0119tnowany przez wsp\u00f3\u0142wi\u0119\u017ani\u00f3w jako \u201edzieciob\u00f3jca\u201d, co pot\u0119gowa\u0142o napi\u0119t\u0105 atmosfer\u0119. Codziennie spotyka\u0142 si\u0119 z gro\u017abami i drwinami.<\/p>\n\n\n\n<figure class=\"wp-block-image\"><img decoding=\"async\" src=\"https:\/\/cdn.viepratique.fr\/wp-content\/uploads\/viepratique\/2025\/07\/les-dettes-dun-detenu-pourraient-avoir-contribue-a-sa-mort-400x220.jpg\" alt=\"\"\/><\/figure>\n\n\n\n<p>8\/12 D\u0142ugi mog\u0142y przyczyni\u0107 si\u0119 do jego \u015bmierciDeane by\u0142 winien pieni\u0105dze innym wi\u0119\u017aniom, co mog\u0142o przyczyni\u0107 si\u0119 do jego \u015bmierci. To uwypukla z\u0142o\u017cono\u015b\u0107 relacji wi\u0119ziennych.<\/p>\n\n\n\n<figure class=\"wp-block-image\"><img decoding=\"async\" src=\"https:\/\/cdn.viepratique.fr\/wp-content\/uploads\/viepratique\/2025\/07\/debat-sur-les-conditions-de-detention-et-la-protection-des-detenus-vulnerables-400x220.jpg\" alt=\"\"\/><\/figure>\n\n\n\n<p>Debaty 12 wrze\u015bnia rozgorza\u0142y na nowo&nbsp;<\/p>\n\n\n\n<p>Sprawa ta wywo\u0142a\u0142a debat\u0119 na temat warunk\u00f3w przetrzymywania i ochrony wi\u0119\u017ani\u00f3w znajduj\u0105cych si\u0119 w trudnej sytuacji, podkre\u015blaj\u0105c potrzeb\u0119 wzmocnienia bezpiecze\u0144stwa.<\/p>\n\n\n\n<figure class=\"wp-block-image\"><img decoding=\"async\" src=\"https:\/\/cdn.viepratique.fr\/wp-content\/uploads\/viepratique\/2025\/07\/le-meurtre-souleve-des-questions-sur-la-rehabilitation-des-detenus-400x220.jpg\" alt=\"\"\/><\/figure>\n\n\n\n<p>10\/12 Resocjalizacja wi\u0119\u017ani\u00f3w pod znakiem zapytania&nbsp;Morderstwo Deane&#8217;a dokonane przez Westlanda wywo\u0142a\u0142o pytania o resocjalizacj\u0119 wi\u0119\u017ani\u00f3w, podkre\u015blaj\u0105c wyzwania, z jakimi borykaj\u0105 si\u0119 osoby pr\u00f3buj\u0105ce odkupi\u0107 swoje winy.<\/p>\n\n\n\n<figure class=\"wp-block-image\"><img decoding=\"async\" src=\"https:\/\/cdn.viepratique.fr\/wp-content\/uploads\/viepratique\/2025\/07\/la-couverture-mediatique-explore-les-dynamiques-carcerales-et-les-defis-des-familles-des-victimes-400x220.jpg\" alt=\"\"\/><\/figure>\n\n\n\n<p>11\/12 \u017bycie w wi\u0119zieniu i b\u00f3l rodziny w centrum uwagiMedia szeroko relacjonowa\u0142y t\u0119 spraw\u0119, zg\u0142\u0119biaj\u0105c z\u0142o\u017con\u0105 dynamik\u0119 \u017cycia wi\u0119ziennego i wyzwania, z jakimi borykaj\u0105 si\u0119 rodziny ofiar.<\/p>\n\n\n\n<figure class=\"wp-block-image\"><img decoding=\"async\" src=\"https:\/\/cdn.viepratique.fr\/wp-content\/uploads\/viepratique\/2025\/07\/laffaire-souligne-les-consequences-tragiques-de-la-violence-et-la-necessite-de-reformes-400x220.jpg\" alt=\"\"\/><\/figure>\n\n\n\n<p>12\/12 Pilne wezwanie do reformy<\/p>\n\n\n\n<p>Sprawa ta stanowi przypomnienie tragicznych skutk\u00f3w przemocy i potrzeby przeprowadzenia reform maj\u0105cych na celu ochron\u0119 bezbronnych wi\u0119\u017ani\u00f3w.<\/p>\n","protected":false},"excerpt":{"rendered":"W mrocznych korytarzach wi\u0119zienia w Leeds akt zemsty wstrz\u0105sn\u0105\u0142 Wielk\u0105 Brytani\u0105. Znaleziono martwego wi\u0119\u017ania, ofiar\u0119 brutalnego morderstwa pope\u0142nionego przez innego wi\u0119\u017ania. Kim s\u0105 \n<a class=\"moretag\" href=\"https:\/\/strefa24.biz.ua\/?p=22214\"> [...]<\/a>","protected":false},"author":1,"featured_media":22215,"comment_status":"open","ping_status":"open","sticky":false,"template":"","format":"standard","meta":{"footnotes":""},"categories":[1],"tags":[],"class_list":["post-22214","post","type-post","status-publish","format-standard","has-post-thumbnail","hentry","category-blog"],"_links":{"self":[{"href":"https:\/\/strefa24.biz.ua\/index.php?rest_route=\/wp\/v2\/posts\/22214","targetHints":{"allow":["GET"]}}],"collection":[{"href":"https:\/\/strefa24.biz.ua\/index.php?rest_route=\/wp\/v2\/posts"}],"about":[{"href":"https:\/\/strefa24.biz.ua\/index.php?rest_route=\/wp\/v2\/types\/post"}],"author":[{"embeddable":true,"href":"https:\/\/strefa24.biz.ua\/index.php?rest_route=\/wp\/v2\/users\/1"}],"replies":[{"embeddable":true,"href":"https:\/\/strefa24.biz.ua\/index.php?rest_route=%2Fwp%2Fv2%2Fcomments&post=22214"}],"version-history":[{"count":1,"href":"https:\/\/strefa24.biz.ua\/index.php?rest_route=\/wp\/v2\/posts\/22214\/revisions"}],"predecessor-version":[{"id":22216,"href":"https:\/\/strefa24.biz.ua\/index.php?rest_route=\/wp\/v2\/posts\/22214\/revisions\/22216"}],"wp:featuredmedia":[{"embeddable":true,"href":"https:\/\/strefa24.biz.ua\/index.php?rest_route=\/wp\/v2\/media\/22215"}],"wp:attachment":[{"href":"https:\/\/strefa24.biz.ua\/index.php?rest_route=%2Fwp%2Fv2%2Fmedia&parent=22214"}],"wp:term":[{"taxonomy":"category","embeddable":true,"href":"https:\/\/strefa24.biz.ua\/index.php?rest_route=%2Fwp%2Fv2%2Fcategories&post=22214"},{"taxonomy":"post_tag","embeddable":true,"href":"https:\/\/strefa24.biz.ua\/index.php?rest_route=%2Fwp%2Fv2%2Ftags&post=22214"}],"curies":[{"name":"wp","href":"https:\/\/api.w.org\/{rel}","templated":true}]}}