{"id":22217,"date":"2026-04-27T15:00:20","date_gmt":"2026-04-27T15:00:20","guid":{"rendered":"https:\/\/strefa24.biz.ua\/?p=22217"},"modified":"2026-04-27T15:00:20","modified_gmt":"2026-04-27T15:00:20","slug":"czarne-chmury-nad-nawrockim-prokuratura-wkracza-do-akcji","status":"publish","type":"post","link":"https:\/\/strefa24.biz.ua\/?p=22217","title":{"rendered":"Czarne chmury nad Nawrockim? Prokuratura wkracza do akcji"},"content":{"rendered":"\n<p>Sprawa dotycz\u0105ca dzia\u0142alno\u015bci Karola Nawrockiego z czas\u00f3w kierowania Muzeum II Wojny \u015awiatowej nabiera nowego wymiaru. Prokuratura podj\u0119\u0142a ju\u017c konkretne kroki, kt\u00f3re mog\u0105 doprowadzi\u0107 do jego przes\u0142uchania w charakterze \u015bwiadka.<\/p>\n\n\n\n<p><strong>Prokuratura chce przes\u0142ucha\u0107 prezydenta<\/strong><\/p>\n\n\n\n<p>Jak informuje \u201eGazeta Wyborcza\u201d, Prokuratura Okr\u0119gowa w Gda\u0144sku wystosowa\u0142a wniosek o ustalenie terminu przes\u0142uchania Karola Nawrockiego.<\/p>\n\n\n\n<p>\u015aledczy chc\u0105, aby prezydent z\u0142o\u017cy\u0142 zeznania jako \u015bwiadek w sprawie dotycz\u0105cej mo\u017cliwych nieprawid\u0142owo\u015bci w zarz\u0105dzaniu mieniem Muzeum II Wojny \u015awiatowej.<\/p>\n\n\n\n<p>Wniosek trafi\u0142 do Kancelarii Prezydenta na pocz\u0105tku marca, jednak do tej pory nie wyznaczono konkretnego terminu przes\u0142uchania.<\/p>\n\n\n\n<p>Prokuratura deklaruje gotowo\u015b\u0107 przeprowadzenia czynno\u015bci zar\u00f3wno w Warszawie, jak i w innym miejscu wskazanym przez urz\u0119dnik\u00f3w.<\/p>\n\n\n\n<p><strong>Kontrowersje wok\u00f3\u0142 apartamentu w muzeum<\/strong><\/p>\n\n\n\n<p>Jednym z g\u0142\u00f3wnych w\u0105tk\u00f3w \u015bledztwa jest kwestia korzystania przez Nawrockiego z apartamentu znajduj\u0105cego si\u0119 na terenie muzeum.<\/p>\n\n\n\n<p>Wed\u0142ug ustale\u0144 medialnych w latach 2018\u20132021 mia\u0142 on przebywa\u0107 w 116-metrowym lokalu przez oko\u0142o 200 dni, nie ponosz\u0105c z tego tytu\u0142u op\u0142at.<\/p>\n\n\n\n<p>Dodatkowe w\u0105tpliwo\u015bci budzi fakt, \u017ce jego prywatne mieszkanie znajdowa\u0142o si\u0119 w niewielkiej odleg\u0142o\u015bci od plac\u00f3wki.<\/p>\n\n\n\n<p>Sam prezydent stanowczo odpiera te zarzuty, t\u0142umacz\u0105c, \u017ce rezerwacje by\u0142y dokonywane wy\u0142\u0105cznie na potrzeby spotka\u0144 s\u0142u\u017cbowych z go\u015b\u0107mi z kraju i zagranicy.<\/p>\n\n\n\n<p>Podkre\u015bla przy tym, \u017ce dzia\u0142ania te by\u0142y elementem funkcjonowania instytucji i mia\u0142y charakter oficjalny.<\/p>\n\n\n\n<p><strong>Immunitet nie blokuje zezna\u0144<\/strong><\/p>\n\n\n\n<p>Zgodnie z obowi\u0105zuj\u0105cymi przepisami urz\u0119duj\u0105cy prezydent nie mo\u017ce zosta\u0107 zmuszony do stawienia si\u0119 przed organami \u015bcigania ani us\u0142ysze\u0107 zarzut\u00f3w karnych.<\/p>\n\n\n\n<p>Nie oznacza to jednak, \u017ce nie mo\u017ce zosta\u0107 przes\u0142uchany \u2013 mo\u017cliwe jest z\u0142o\u017cenie przez niego zezna\u0144 w charakterze \u015bwiadka.<\/p>\n\n\n\n<p>W praktyce wszystko zale\u017cy wi\u0119c od decyzji Kancelarii Prezydenta oraz samego zainteresowanego.<\/p>\n\n\n\n<p><strong>Kolejne w\u0105tki pod lup\u0105 \u015bledczych<\/strong><\/p>\n\n\n\n<p>Sprawa apartamentu to tylko jeden z element\u00f3w szerszego post\u0119powania.<\/p>\n\n\n\n<p>Prokuratura analizuje r\u00f3wnie\u017c inne kwestie zwi\u0105zane z dzia\u0142alno\u015bci\u0105 muzeum w czasie, gdy kierowa\u0142 nim Nawrocki.<\/p>\n\n\n\n<p>Jedna z nich dotyczy mo\u017cliwej szkody maj\u0105tkowej na kwot\u0119 co najmniej 200 tysi\u0119cy z\u0142otych, zwi\u0105zanej ze znikni\u0119ciem tysi\u0119cy egzemplarzy katalog\u00f3w wystawy sta\u0142ej.<\/p>\n\n\n\n<p>Drugi w\u0105tek obejmuje okoliczno\u015bci udost\u0119pnienia tzw. kawalerki Jerzemu \u017b., co r\u00f3wnie\u017c jest przedmiotem gromadzenia materia\u0142u dowodowego.<\/p>\n\n\n\n<p><strong>Cisza ze strony Kancelarii Prezydenta<\/strong><\/p>\n\n\n\n<p>Mimo up\u0142ywu czasu i zapyta\u0144 kierowanych przez media, Kancelaria Prezydenta nie przedstawi\u0142a oficjalnego stanowiska w tej sprawie.<\/p>\n\n\n\n<p>Brak odpowiedzi na wniosek prokuratury sprawia, \u017ce dalszy bieg post\u0119powania pozostaje na razie niepewny.<\/p>\n\n\n\n<p>Jedno jest jednak pewne \u2013 \u015bledczy traktuj\u0105 zeznania by\u0142ego dyrektora muzeum jako kluczowe dla wyja\u015bnienia wszystkich okoliczno\u015bci tej sprawy.<\/p>\n","protected":false},"excerpt":{"rendered":"Sprawa dotycz\u0105ca dzia\u0142alno\u015bci Karola Nawrockiego z czas\u00f3w kierowania Muzeum II Wojny \u015awiatowej nabiera nowego wymiaru. Prokuratura podj\u0119\u0142a ju\u017c konkretne kroki, kt\u00f3re mog\u0105 doprowadzi\u0107 \n<a class=\"moretag\" href=\"https:\/\/strefa24.biz.ua\/?p=22217\"> [...]<\/a>","protected":false},"author":1,"featured_media":22218,"comment_status":"open","ping_status":"open","sticky":false,"template":"","format":"standard","meta":{"footnotes":""},"categories":[1],"tags":[],"class_list":["post-22217","post","type-post","status-publish","format-standard","has-post-thumbnail","hentry","category-blog"],"_links":{"self":[{"href":"https:\/\/strefa24.biz.ua\/index.php?rest_route=\/wp\/v2\/posts\/22217","targetHints":{"allow":["GET"]}}],"collection":[{"href":"https:\/\/strefa24.biz.ua\/index.php?rest_route=\/wp\/v2\/posts"}],"about":[{"href":"https:\/\/strefa24.biz.ua\/index.php?rest_route=\/wp\/v2\/types\/post"}],"author":[{"embeddable":true,"href":"https:\/\/strefa24.biz.ua\/index.php?rest_route=\/wp\/v2\/users\/1"}],"replies":[{"embeddable":true,"href":"https:\/\/strefa24.biz.ua\/index.php?rest_route=%2Fwp%2Fv2%2Fcomments&post=22217"}],"version-history":[{"count":1,"href":"https:\/\/strefa24.biz.ua\/index.php?rest_route=\/wp\/v2\/posts\/22217\/revisions"}],"predecessor-version":[{"id":22219,"href":"https:\/\/strefa24.biz.ua\/index.php?rest_route=\/wp\/v2\/posts\/22217\/revisions\/22219"}],"wp:featuredmedia":[{"embeddable":true,"href":"https:\/\/strefa24.biz.ua\/index.php?rest_route=\/wp\/v2\/media\/22218"}],"wp:attachment":[{"href":"https:\/\/strefa24.biz.ua\/index.php?rest_route=%2Fwp%2Fv2%2Fmedia&parent=22217"}],"wp:term":[{"taxonomy":"category","embeddable":true,"href":"https:\/\/strefa24.biz.ua\/index.php?rest_route=%2Fwp%2Fv2%2Fcategories&post=22217"},{"taxonomy":"post_tag","embeddable":true,"href":"https:\/\/strefa24.biz.ua\/index.php?rest_route=%2Fwp%2Fv2%2Ftags&post=22217"}],"curies":[{"name":"wp","href":"https:\/\/api.w.org\/{rel}","templated":true}]}}