{"id":22243,"date":"2026-04-28T10:50:44","date_gmt":"2026-04-28T10:50:44","guid":{"rendered":"https:\/\/strefa24.biz.ua\/?p=22243"},"modified":"2026-04-28T10:50:44","modified_gmt":"2026-04-28T10:50:44","slug":"rekordowa-zbiorka-latwoganga-251-mln-zl-dla-cancer-fighters-i-kluczowe-zasady-podatkowe","status":"publish","type":"post","link":"https:\/\/strefa24.biz.ua\/?p=22243","title":{"rendered":"Rekordowa zbi\u00f3rka \u0141atwoganga \u2013 251 mln z\u0142 dla Cancer Fighters i kluczowe zasady podatkowe"},"content":{"rendered":"\n<p>Rekordowa kwota ponad 251 mln z\u0142 zosta\u0142a zebrana w zaledwie 9 dni podczas akcji Piotra \u201e\u0141atwoganga\u201d Garkowskiego na rzecz Fundacji Cancer Fighters.<\/p>\n\n\n\n<p> Ten wyj\u0105tkowy fina\u0142, kt\u00f3ry mia\u0142 miejsce 26 kwietnia o godzinie 21:37, przyci\u0105gn\u0105\u0142 uwag\u0119 milion\u00f3w widz\u00f3w, \u015bledz\u0105cych transmisj\u0119 na \u017cywo. <\/p>\n\n\n\n<p>Nie tylko uczestniczyli oni w rozmowach i wyst\u0119pach gwiazd, ale tak\u017ce obserwowali wzruszaj\u0105ce gesty solidarno\u015bci, jak na przyk\u0142ad golenie g\u0142\u00f3w na antenie.<\/p>\n\n\n\n<p>Cho\u0107 sukces zbi\u00f3rki jest bezsprzeczny, pojawia si\u0119 coraz cz\u0119\u015bciej zadawane pytanie: czy od tak ogromnej sumy trzeba zap\u0142aci\u0107 podatek? Odpowied\u017a jest zaskakuj\u0105co prosta \u2013 pieni\u0105dze zebrane dla fundacji nie podlegaj\u0105 opodatkowaniu.<\/p>\n\n\n\n<figure class=\"wp-block-image\"><img decoding=\"async\" src=\"https:\/\/czu.pl\/wp-content\/uploads\/2026\/04\/1070.jpg\" alt=\"obrazek\"\/><\/figure>\n\n\n\n<h2 class=\"wp-block-heading\">Jak dzia\u0142a\u0142a zbi\u00f3rka \u0141atwoganga i dlaczego przyci\u0105gn\u0119\u0142a miliony<\/h2>\n\n\n\n<p>Transmisja rozpocz\u0119\u0142a si\u0119 17 kwietnia i wyr\u00f3\u017cnia\u0142a si\u0119 unikaln\u0105 formu\u0142\u0105 \u2013 d\u0142ugo\u015b\u0107 streamu zale\u017ca\u0142a od aktywno\u015bci widz\u00f3w. Ostatecznie wydarzenie trwa\u0142o a\u017c 9 dni, a jego ogl\u0105dalno\u015b\u0107 ros\u0142a z ka\u017cd\u0105 godzin\u0105. W szczytowym momencie jednocze\u015bnie \u015bledzi\u0142o je ponad 500 tysi\u0119cy os\u00f3b.<\/p>\n\n\n\n<p>Do akcji przy\u0142\u0105czy\u0142y si\u0119 najwi\u0119ksze osobisto\u015bci polskiego internetu i show-biznesu, w tym Robert Lewandowski i Adam Ma\u0142ysz, a tak\u017ce przedsi\u0119biorstwa takie jak Polsat, Polsat Box i Plus. Widzowie mieli okazj\u0119 zobaczy\u0107 liczne wyst\u0119py, wyzwania oraz spontaniczne dzia\u0142ania, takie jak golenie w\u0142os\u00f3w na znak solidarno\u015bci z dzie\u0107mi walcz\u0105cymi z rakiem.<\/p>\n\n\n\n<p>Zaanga\u017cowanie spo\u0142eczno\u015bci bezpo\u015brednio prze\u0142o\u017cy\u0142o si\u0119 na rekordowe wp\u0142aty, kt\u00f3re w ca\u0142o\u015bci mia\u0142y trafi\u0107 na wsparcie podopiecznych fundacji. Jednak rosn\u0105ca kwota wzbudzi\u0142a zainteresowanie kwestiami podatkowymi i formalnymi.<\/p>\n\n\n\n<h2 class=\"wp-block-heading\">Czy 251 mln z\u0142 podlega opodatkowaniu \u2013 wyja\u015bnienie zasad<\/h2>\n\n\n\n<p>Wbrew powszechnemu przekonaniu, samo zebranie du\u017cej sumy nie oznacza obowi\u0105zku zap\u0142acenia podatku. Kluczowym aspektem jest w\u0142a\u015bciciel \u015brodk\u00f3w oraz ich przeznaczenie. W przypadku tej zbi\u00f3rki pieni\u0105dze zosta\u0142y przekazane na rzecz fundacji, nie za\u015b na konto osoby prywatnej.<\/p>\n\n\n\n<p>Zgodnie z przepisami podatkowymi darowizny kierowane na cele statutowe fundacji mog\u0105 korzysta\u0107 ze zwolnienia z podatku dochodowego od os\u00f3b prawnych (CIT). Konieczne jest jednak, aby \u015brodki by\u0142y przeznaczone wy\u0142\u0105cznie na dzia\u0142alno\u015b\u0107 spo\u0142eczn\u0105. Dzi\u0119ki temu pieni\u0105dze zebrane podczas akcji nie s\u0105 traktowane jak doch\u00f3d fundacji podlegaj\u0105cy opodatkowaniu.<\/p>\n\n\n\n<p>Z punktu widzenia darczy\u0144c\u00f3w sytuacja jest jasna \u2013 wp\u0142acaj\u0105cy nie musz\u0105 odprowadza\u0107 podatku od przekazywanych \u015brodk\u00f3w. Ka\u017cda wp\u0142acona z\u0142ot\u00f3wka trafia w ca\u0142o\u015bci do fundacji.<\/p>\n\n\n\n<h2 class=\"wp-block-heading\">Zasada kluczowa \u2013 art. 16 ustawy o fundacjach<\/h2>\n\n\n\n<p>W \u015bwietle ogromnej sumy pozyskanej podczas akcji \u0141atwoganga szczeg\u00f3lnego znaczenia nabiera art. 16 ustawy o fundacjach, kt\u00f3ry precyzuje spos\u00f3b gospodarowania maj\u0105tkiem organizacji. Zgodnie z nim maj\u0105tek fundacji musi by\u0107 wykorzystywany wy\u0142\u0105cznie zgodnie z jej statutowymi celami i nie mo\u017ce zosta\u0107 potraktowany jako maj\u0105tek prywatny zarz\u0105du b\u0105d\u017a innych os\u00f3b trzecich.<\/p>\n\n\n\n<p>W praktyce oznacza to, \u017ce \u015brodki zebrane podczas zbi\u00f3rki s\u0105 przeznaczone wy\u0142\u0105cznie na cel pomocy chorym i nie mog\u0105 by\u0107 dowolnie wydatkowane czy wyp\u0142acane bez uzasadnienia. Ten przepis stanowi solidn\u0105 ochron\u0119 przed nadu\u017cyciami oraz potwierdza, \u017ce pieni\u0105dze nie s\u0105 klasyfikowane jako doch\u00f3d podlegaj\u0105cy opodatkowaniu.<\/p>\n\n\n\n<p>Dodatkowo przepis dzia\u0142a jako zabezpieczenie na przysz\u0142o\u015b\u0107 \u2013 w przypadku likwidacji fundacji zebrane \u015brodki musz\u0105 zosta\u0107 przekazane na zbli\u017cone cele spo\u0142eczne, co minimalizuje ryzyko nieprawid\u0142owego wykorzystania pieni\u0119dzy.<\/p>\n\n\n\n<h2 class=\"wp-block-heading\">Na co Fundacja Cancer Fighters przeznaczy \u015brodki<\/h2>\n\n\n\n<p>Fundacja zadeklarowa\u0142a, \u017ce pozyskane \u015brodki zostan\u0105 skierowane na bezpo\u015brednie wsparcie leczenia oraz codziennego \u017cycia podopiecznych. G\u0142\u00f3wne obszary wsparcia to:<\/p>\n\n\n\n<ul class=\"wp-block-list\">\n<li>leczenie i rehabilitacja,<\/li>\n\n\n\n<li>zakup lek\u00f3w oraz specjalistycznego sprz\u0119tu,<\/li>\n\n\n\n<li>transport do klinik i konsultacje medyczne,<\/li>\n\n\n\n<li>wsparcie codziennego funkcjonowania, mi\u0119dzy innymi protezy i rozwi\u0105zania umo\u017cliwiaj\u0105ce powr\u00f3t do normalnego \u017cycia.<\/li>\n<\/ul>\n\n\n\n<p>Fundacja planuje tak\u017ce bardziej rozbudowane inwestycje, takie jak doposa\u017cenie oddzia\u0142\u00f3w szpitalnych czy projekty infrastrukturalne. Ze wzgl\u0119du na skal\u0119 \u015brodk\u00f3w szczeg\u00f3lny nacisk zostanie po\u0142o\u017cony na transparentno\u015b\u0107 \u2013 zaplanowano stworzenie publicznego systemu raportowania wydatk\u00f3w.<\/p>\n\n\n\n<h2 class=\"wp-block-heading\">Nowy standard zbi\u00f3rek charytatywnych<\/h2>\n\n\n\n<p>Zbi\u00f3rka \u0141atwoganga ukaza\u0142a, jak skuteczne mog\u0105 okaza\u0107 si\u0119 nowe metody anga\u017cowania spo\u0142eczno\u015bci \u2013 streaming na \u017cywo, interakcja z widzami i udzia\u0142 znanych os\u00f3b zyska\u0142y ogromn\u0105 popularno\u015b\u0107, trudn\u0105 do osi\u0105gni\u0119cia tradycyjnymi formami.<\/p>\n\n\n\n<p>Nie by\u0142 to tylko sukces na poziomie finansowym, ale tak\u017ce przyk\u0142ad g\u0142\u0119bokiej mobilizacji spo\u0142ecznej, obejmuj\u0105cy zar\u00f3wno internaut\u00f3w, jak i najwa\u017cniejsze postacie polskiego sportu i kultury. Model ten ma szans\u0119 sta\u0107 si\u0119 w przysz\u0142o\u015bci atrakcyjn\u0105 alternatyw\u0105 dla standardowych zbi\u00f3rek charytatywnych, jednak wszystko zale\u017cy od dalszego transparentnego rozliczenia pozyskanych \u015brodk\u00f3w.<\/p>\n","protected":false},"excerpt":{"rendered":"Rekordowa kwota ponad 251 mln z\u0142 zosta\u0142a zebrana w zaledwie 9 dni podczas akcji Piotra \u201e\u0141atwoganga\u201d Garkowskiego na rzecz Fundacji Cancer Fighters. Ten \n<a class=\"moretag\" href=\"https:\/\/strefa24.biz.ua\/?p=22243\"> [...]<\/a>","protected":false},"author":1,"featured_media":22244,"comment_status":"open","ping_status":"open","sticky":false,"template":"","format":"standard","meta":{"footnotes":""},"categories":[1],"tags":[],"class_list":["post-22243","post","type-post","status-publish","format-standard","has-post-thumbnail","hentry","category-blog"],"_links":{"self":[{"href":"https:\/\/strefa24.biz.ua\/index.php?rest_route=\/wp\/v2\/posts\/22243","targetHints":{"allow":["GET"]}}],"collection":[{"href":"https:\/\/strefa24.biz.ua\/index.php?rest_route=\/wp\/v2\/posts"}],"about":[{"href":"https:\/\/strefa24.biz.ua\/index.php?rest_route=\/wp\/v2\/types\/post"}],"author":[{"embeddable":true,"href":"https:\/\/strefa24.biz.ua\/index.php?rest_route=\/wp\/v2\/users\/1"}],"replies":[{"embeddable":true,"href":"https:\/\/strefa24.biz.ua\/index.php?rest_route=%2Fwp%2Fv2%2Fcomments&post=22243"}],"version-history":[{"count":1,"href":"https:\/\/strefa24.biz.ua\/index.php?rest_route=\/wp\/v2\/posts\/22243\/revisions"}],"predecessor-version":[{"id":22245,"href":"https:\/\/strefa24.biz.ua\/index.php?rest_route=\/wp\/v2\/posts\/22243\/revisions\/22245"}],"wp:featuredmedia":[{"embeddable":true,"href":"https:\/\/strefa24.biz.ua\/index.php?rest_route=\/wp\/v2\/media\/22244"}],"wp:attachment":[{"href":"https:\/\/strefa24.biz.ua\/index.php?rest_route=%2Fwp%2Fv2%2Fmedia&parent=22243"}],"wp:term":[{"taxonomy":"category","embeddable":true,"href":"https:\/\/strefa24.biz.ua\/index.php?rest_route=%2Fwp%2Fv2%2Fcategories&post=22243"},{"taxonomy":"post_tag","embeddable":true,"href":"https:\/\/strefa24.biz.ua\/index.php?rest_route=%2Fwp%2Fv2%2Ftags&post=22243"}],"curies":[{"name":"wp","href":"https:\/\/api.w.org\/{rel}","templated":true}]}}