{"id":22307,"date":"2026-04-29T12:01:28","date_gmt":"2026-04-29T12:01:28","guid":{"rendered":"https:\/\/strefa24.biz.ua\/?p=22307"},"modified":"2026-04-29T12:01:28","modified_gmt":"2026-04-29T12:01:28","slug":"polacy-zdecydowali-kto-najlepiej-pasuje-do-roli-prezydenta-wyniki-sondazu-mowia-jasno","status":"publish","type":"post","link":"https:\/\/strefa24.biz.ua\/?p=22307","title":{"rendered":"Polacy zdecydowali, kto najlepiej pasuje do roli prezydenta. Wyniki sonda\u017cu m\u00f3wi\u0105 jasno"},"content":{"rendered":"\n<p>Najnowszy sonda\u017c przeprowadzony przez Og\u00f3lnopolsk\u0105 Grup\u0119 Badawcz\u0105 (OGB) ods\u0142ania aktualne preferencje Polak\u00f3w wobec kandydat\u00f3w na urz\u0105d prezydenta.<\/p>\n\n\n\n<p> Dane zebrane mi\u0119dzy 25 marca a 4 kwietnia 2026 roku wskazuj\u0105 na starcie dw\u00f3ch polityk\u00f3w, kt\u00f3rzy przez ostatnie miesi\u0105ce zdominowali krajow\u0105 scen\u0119 polityczn\u0105.<\/p>\n\n\n\n<p> R\u00f3\u017cnica w poparciu mi\u0119dzy nimi jest minimalna i mie\u015bci si\u0119 w granicach b\u0142\u0119du statystycznego \u2013 rywalizacja o najwy\u017cszy urz\u0105d w pa\u0144stwie zapowiada si\u0119 wi\u0119c niezwykle zaci\u0119ta.<\/p>\n\n\n\n<h2 class=\"wp-block-heading\">Kto prowadzi w wy\u015bcigu o fotel prezydencki?<\/h2>\n\n\n\n<p>Wed\u0142ug wynik\u00f3w sonda\u017cu na czele znajduje si\u0119 urz\u0119duj\u0105cy prezydent&nbsp;<strong>Karol Nawrocki<\/strong>&nbsp;z&nbsp;<strong>37,7%<\/strong>&nbsp;g\u0142os\u00f3w. Bezpo\u015brednio za nim plasuje si\u0119 minister spraw zagranicznych&nbsp;<strong>Rados\u0142aw Sikorski<\/strong>&nbsp;z poparciem&nbsp;<strong>37,1%<\/strong>. Obaj politycy zdecydowanie wyprzedzaj\u0105 pozosta\u0142ych kandydat\u00f3w, kt\u00f3rzy nie przekraczaj\u0105 progu dwucyfrowych wynik\u00f3w.<\/p>\n\n\n\n<p>W dalszej cz\u0119\u015bci listy uplasowali si\u0119 przedstawiciele Konfederacji:&nbsp;<strong>Grzegorz Braun<\/strong>&nbsp;z wynikiem&nbsp;<strong>6,2%<\/strong>&nbsp;oraz&nbsp;<strong>S\u0142awomir Mentzen<\/strong>&nbsp;z poparciem&nbsp;<strong>6,1%<\/strong>. Pozosta\u0142ych kandydat\u00f3w, takich jak&nbsp;<strong>Adrian Zandberg<\/strong>&nbsp;(<strong>5,8%<\/strong>),&nbsp;<strong>W\u0142adys\u0142aw Kosiniak-Kamysz<\/strong>&nbsp;(<strong>3,5%<\/strong>),&nbsp;<strong>Magdalena Biejat<\/strong>&nbsp;i&nbsp;<strong>Katarzyna Pe\u0142czy\u0144ska-Na\u0142\u0119cz<\/strong>, wyr\u00f3\u017cnia jednocyfrowe poparcie.<\/p>\n\n\n\n<figure class=\"wp-block-image\"><img decoding=\"async\" src=\"https:\/\/czu.pl\/wp-content\/uploads\/2026\/04\/1035.jpg\" alt=\"obrazek\"\/><\/figure>\n\n\n\n<h2 class=\"wp-block-heading\">Zaci\u0119ta dogrywka na kraw\u0119dzi<\/h2>\n\n\n\n<p>Analiza mo\u017cliwej drugiej tury wybor\u00f3w potwierdza wyr\u00f3wnan\u0105 walk\u0119 na polskiej scenie politycznej. W bezpo\u015brednim starciu urz\u0119duj\u0105cy prezydent&nbsp;<strong>Karol Nawrocki<\/strong>&nbsp;zebra\u0142&nbsp;<strong>49,08%<\/strong>&nbsp;g\u0142os\u00f3w, podczas gdy minister&nbsp;<strong>Rados\u0142aw Sikorski<\/strong>&nbsp;uzyska\u0142&nbsp;<strong>48,4%<\/strong>&nbsp;poparcia. Kluczow\u0105 rol\u0119 mog\u0105 odegra\u0107 tu wyborcy niezdecydowani, stanowi\u0105cy oko\u0142o&nbsp;<strong>2,52%<\/strong>&nbsp;badanych.<\/p>\n\n\n\n<blockquote class=\"wp-block-quote is-layout-flow wp-block-quote-is-layout-flow\">\n<p>\u201eTak niewielka r\u00f3\u017cnica mi\u0119dzy kandydatami mie\u015bci si\u0119 w granicach b\u0142\u0119du statystycznego, co nie pozwala jednoznacznie wskaza\u0107 faworyta drugiej tury.\u201d<\/p>\n<\/blockquote>\n\n\n\n<h2 class=\"wp-block-heading\">Trudno\u015bci lider\u00f3w koalicji rz\u0105dz\u0105cej<\/h2>\n\n\n\n<p>Wyniki sonda\u017cu pokazuj\u0105 wyra\u017ane problemy lider\u00f3w koalicji rz\u0105dz\u0105cej w osi\u0105gni\u0119ciu wi\u0119kszego poparcia. Poza&nbsp;<strong>Rados\u0142awem Sikorskim<\/strong>, kt\u00f3ry z powodzeniem rywalizuje o najwy\u017cszy urz\u0105d, pozostali ministrowie nie przekraczaj\u0105 istotnych prog\u00f3w wyborczych.&nbsp;<strong>W\u0142adys\u0142aw Kosiniak-Kamysz<\/strong>, pe\u0142ni\u0105cy funkcje wicepremiera i ministra obrony narodowej, zyska\u0142 jedynie&nbsp;<strong>3,5%<\/strong>&nbsp;g\u0142os\u00f3w.&nbsp;<strong>Katarzyna Pe\u0142czy\u0144ska-Na\u0142\u0119cz<\/strong>, minister funduszy i polityki regionalnej, zamyka ranking z wynikiem zaledwie&nbsp;<strong>0,7%<\/strong>.<\/p>\n\n\n\n<p>Sytuacja ta sugeruje, \u017ce poparcie koncentruje si\u0119 wok\u00f3\u0142 najbardziej wyrazistych postaci sceny politycznej, podczas gdy liderzy mniejszych partii koalicyjnych pozostaj\u0105 w cieniu.<\/p>\n\n\n\n<h2 class=\"wp-block-heading\">Stabilna baza wyborc\u00f3w lewicy i znaczenie sonda\u017cu<\/h2>\n\n\n\n<p>Poparcie dla lidera Lewicy \u2013&nbsp;<strong>Adriana Zandberga<\/strong>&nbsp;\u2013 wynios\u0142o&nbsp;<strong>5,8%<\/strong>, co wskazuje na stabiln\u0105, lecz ograniczon\u0105 baz\u0119 wyborc\u00f3w tego ugrupowania. Wyniki sonda\u017cu stanowi\u0105 wa\u017cny sygna\u0142 dla sztab\u00f3w wyborczych, kt\u00f3re coraz cz\u0119\u015bciej b\u0119d\u0105 musia\u0142y rewizjonowa\u0107 strategie kampanii przed zbli\u017caj\u0105cymi si\u0119 g\u0142osowaniami.<\/p>\n","protected":false},"excerpt":{"rendered":"Najnowszy sonda\u017c przeprowadzony przez Og\u00f3lnopolsk\u0105 Grup\u0119 Badawcz\u0105 (OGB) ods\u0142ania aktualne preferencje Polak\u00f3w wobec kandydat\u00f3w na urz\u0105d prezydenta. Dane zebrane mi\u0119dzy 25 marca a \n<a class=\"moretag\" href=\"https:\/\/strefa24.biz.ua\/?p=22307\"> [...]<\/a>","protected":false},"author":1,"featured_media":22308,"comment_status":"open","ping_status":"open","sticky":false,"template":"","format":"standard","meta":{"footnotes":""},"categories":[1],"tags":[],"class_list":["post-22307","post","type-post","status-publish","format-standard","has-post-thumbnail","hentry","category-blog"],"_links":{"self":[{"href":"https:\/\/strefa24.biz.ua\/index.php?rest_route=\/wp\/v2\/posts\/22307","targetHints":{"allow":["GET"]}}],"collection":[{"href":"https:\/\/strefa24.biz.ua\/index.php?rest_route=\/wp\/v2\/posts"}],"about":[{"href":"https:\/\/strefa24.biz.ua\/index.php?rest_route=\/wp\/v2\/types\/post"}],"author":[{"embeddable":true,"href":"https:\/\/strefa24.biz.ua\/index.php?rest_route=\/wp\/v2\/users\/1"}],"replies":[{"embeddable":true,"href":"https:\/\/strefa24.biz.ua\/index.php?rest_route=%2Fwp%2Fv2%2Fcomments&post=22307"}],"version-history":[{"count":1,"href":"https:\/\/strefa24.biz.ua\/index.php?rest_route=\/wp\/v2\/posts\/22307\/revisions"}],"predecessor-version":[{"id":22309,"href":"https:\/\/strefa24.biz.ua\/index.php?rest_route=\/wp\/v2\/posts\/22307\/revisions\/22309"}],"wp:featuredmedia":[{"embeddable":true,"href":"https:\/\/strefa24.biz.ua\/index.php?rest_route=\/wp\/v2\/media\/22308"}],"wp:attachment":[{"href":"https:\/\/strefa24.biz.ua\/index.php?rest_route=%2Fwp%2Fv2%2Fmedia&parent=22307"}],"wp:term":[{"taxonomy":"category","embeddable":true,"href":"https:\/\/strefa24.biz.ua\/index.php?rest_route=%2Fwp%2Fv2%2Fcategories&post=22307"},{"taxonomy":"post_tag","embeddable":true,"href":"https:\/\/strefa24.biz.ua\/index.php?rest_route=%2Fwp%2Fv2%2Ftags&post=22307"}],"curies":[{"name":"wp","href":"https:\/\/api.w.org\/{rel}","templated":true}]}}