{"id":22415,"date":"2026-04-30T21:30:16","date_gmt":"2026-04-30T21:30:16","guid":{"rendered":"https:\/\/strefa24.biz.ua\/?p=22415"},"modified":"2026-04-30T21:30:16","modified_gmt":"2026-04-30T21:30:16","slug":"stal-na-jednej-scenie-z-niemenem-i-pisal-hity-dla-filipinek-nie-zyje-jerzy-malota","status":"publish","type":"post","link":"https:\/\/strefa24.biz.ua\/?p=22415","title":{"rendered":"Sta\u0142 na jednej scenie z Niemenem i pisa\u0142 hity dla Filipinek. Nie \u017cyje Jerzy Malota"},"content":{"rendered":"\n<p>Polska scena muzyczna po\u017cegna\u0142a jednego z pionier\u00f3w big-beatu, kt\u00f3ry na trwa\u0142e zapisa\u0142 si\u0119 w historii rodzimej rozrywki lat 60. <\/p>\n\n\n\n<p>Jerzy Malota zmar\u0142 29 kwietnia 2026 roku o godzinie 21:30 w hospicjum w \u015arodzie \u015al\u0105skiej. Informacj\u0119 o \u015bmierci artysty przekaza\u0142 wroc\u0142awski oddzia\u0142 Zwi\u0105zku Artyst\u00f3w Scen Polskich (ZASP).<\/p>\n\n\n\n<p> Urodzony w 1941 roku w Krakowie wokalista i autor tekst\u00f3w debiutowa\u0142 u boku najwi\u0119kszych gwiazd tamtego okresu.<\/p>\n\n\n\n<h2 class=\"wp-block-heading\">Po\u017cegnanie w \u015arodzie \u015al\u0105skiej i we Wroc\u0142awiu<\/h2>\n\n\n\n<p>Jerzy Malota by\u0142 wa\u017cn\u0105 postaci\u0105 polskiego rocka i popu przez ponad sze\u015b\u0107 dekad. Jego pogrzeb odb\u0119dzie si\u0119 w przysz\u0142ym tygodniu na Cmentarzu Osobowickim we Wroc\u0142awiu. Dok\u0142adna data zostanie podana przez rodzin\u0119 i \u015brodowisko artystyczne w najbli\u017cszych dniach. \u015amier\u0107 Maloty wstrz\u0105sn\u0119\u0142a polsk\u0105 scen\u0105 muzyczn\u0105.<\/p>\n\n\n\n<h2 class=\"wp-block-heading\">Wielki sukces na I Festiwalu M\u0142odych Talent\u00f3w w Szczecinie<\/h2>\n\n\n\n<p>Kariera Jerzego Maloty nabra\u0142a rozp\u0119du w 1962 roku, gdy zdoby\u0142 wyr\u00f3\u017cnienie \u201eZ\u0142ota Dziesi\u0105tka\u201d na pierwszym Festiwalu M\u0142odych Talent\u00f3w w Szczecinie. Dzieli\u0142 wtedy scen\u0119 z ikonami takimi jak Czes\u0142aw Niemen, Karin Stanek i Helena Majdaniec. P\u00f3\u017aniej koncertowa\u0142 z zespo\u0142em Czerwono-Czarni, a nast\u0119pnie do\u0142\u0105czy\u0142 do Luxembourg Combo.<\/p>\n\n\n\n<p>Artysta wyst\u0105pi\u0142 w czterech edycjach Krajowego Festiwalu Piosenki Polskiej w Opolu, w tym na debiutanckim w 1963 roku. Wsp\u00f3\u0142pracowa\u0142 z jazzmanami, m.in. Tadeuszem \u201eErrollem\u201d Kosi\u0144skim i grup\u0105 Czarne Koty. Jego koncerty transmitowano w programach telewizyjnych, a wyst\u0119powa\u0142 nie tylko w Polsce, ale i w krajach bloku wschodniego \u2013 jako solista i cz\u0142onek zespo\u0142\u00f3w.<\/p>\n\n\n\n<figure class=\"wp-block-image\"><img decoding=\"async\" src=\"https:\/\/zdrowienapoziomie.pl\/wp-content\/uploads\/2026\/04\/1097.jpg\" alt=\"obrazek\"\/><\/figure>\n\n\n\n<h2 class=\"wp-block-heading\">Tw\u00f3rczo\u015b\u0107 pod pseudonimem Marek Kilarski i mi\u0119dzynarodowa kariera<\/h2>\n\n\n\n<p>Jerzy Malota\u7559\u4e0bi\u0142 po sobie nie tylko nagrania wokalne, ale i teksty piosenek pisane pod pseudonimem Marek Kilarski. To on jest autorem s\u0142\u00f3w hit\u00f3w zespo\u0142u Filipinki, takich jak \u201eNie wierz ch\u0142opcom\u201d czy \u201ePali si\u0119, moja panienko\u201d.<\/p>\n\n\n\n<p>Od 1968 roku zwi\u0105zany by\u0142 z grup\u0105 Bez Atu, z kt\u00f3r\u0105 koncertowa\u0142 w Skandynawii i Stanach Zjednoczonych. Ameryka\u0144ska publiczno\u015b\u0107 oklaskiwa\u0142a go w klubach Chicago i Nowego Jorku u boku Krzysztofa Krawczyka i Maryli Rodowicz.<\/p>\n\n\n\n<p>Kluczowym elementem jego dorobku by\u0142o widowisko \u201eSen o Szpadzie i Chlebie\u201d, zagrane ponad 800 razy. Pozostawi\u0142 liczne nagrania radiowe \u2013 interpretacje standard\u00f3w jazzowych i w\u0142asne kompozycje, kt\u00f3re sta\u0142y si\u0119 fundamentem polskiej muzyki rozrywkowej.<\/p>\n\n\n\n<blockquote class=\"wp-block-quote is-layout-flow wp-block-quote-is-layout-flow\">\n<p>Informacj\u0119 o \u015bmierci Jerzego Maloty przekaza\u0142 oficjalnie wroc\u0142awski oddzia\u0142 ZASP. Artysta odcisn\u0105\u0142 trwa\u0142y \u015blad w historii polskiej estrady, pozostaj\u0105c aktywnym przez ponad sze\u015b\u0107 dekad.<\/p>\n<\/blockquote>\n","protected":false},"excerpt":{"rendered":"Polska scena muzyczna po\u017cegna\u0142a jednego z pionier\u00f3w big-beatu, kt\u00f3ry na trwa\u0142e zapisa\u0142 si\u0119 w historii rodzimej rozrywki lat 60. Jerzy Malota zmar\u0142 29 \n<a class=\"moretag\" href=\"https:\/\/strefa24.biz.ua\/?p=22415\"> [...]<\/a>","protected":false},"author":1,"featured_media":22416,"comment_status":"open","ping_status":"open","sticky":false,"template":"","format":"standard","meta":{"footnotes":""},"categories":[1],"tags":[],"class_list":["post-22415","post","type-post","status-publish","format-standard","has-post-thumbnail","hentry","category-blog"],"_links":{"self":[{"href":"https:\/\/strefa24.biz.ua\/index.php?rest_route=\/wp\/v2\/posts\/22415","targetHints":{"allow":["GET"]}}],"collection":[{"href":"https:\/\/strefa24.biz.ua\/index.php?rest_route=\/wp\/v2\/posts"}],"about":[{"href":"https:\/\/strefa24.biz.ua\/index.php?rest_route=\/wp\/v2\/types\/post"}],"author":[{"embeddable":true,"href":"https:\/\/strefa24.biz.ua\/index.php?rest_route=\/wp\/v2\/users\/1"}],"replies":[{"embeddable":true,"href":"https:\/\/strefa24.biz.ua\/index.php?rest_route=%2Fwp%2Fv2%2Fcomments&post=22415"}],"version-history":[{"count":1,"href":"https:\/\/strefa24.biz.ua\/index.php?rest_route=\/wp\/v2\/posts\/22415\/revisions"}],"predecessor-version":[{"id":22417,"href":"https:\/\/strefa24.biz.ua\/index.php?rest_route=\/wp\/v2\/posts\/22415\/revisions\/22417"}],"wp:featuredmedia":[{"embeddable":true,"href":"https:\/\/strefa24.biz.ua\/index.php?rest_route=\/wp\/v2\/media\/22416"}],"wp:attachment":[{"href":"https:\/\/strefa24.biz.ua\/index.php?rest_route=%2Fwp%2Fv2%2Fmedia&parent=22415"}],"wp:term":[{"taxonomy":"category","embeddable":true,"href":"https:\/\/strefa24.biz.ua\/index.php?rest_route=%2Fwp%2Fv2%2Fcategories&post=22415"},{"taxonomy":"post_tag","embeddable":true,"href":"https:\/\/strefa24.biz.ua\/index.php?rest_route=%2Fwp%2Fv2%2Ftags&post=22415"}],"curies":[{"name":"wp","href":"https:\/\/api.w.org\/{rel}","templated":true}]}}