{"id":22430,"date":"2026-05-01T10:54:53","date_gmt":"2026-05-01T10:54:53","guid":{"rendered":"https:\/\/strefa24.biz.ua\/?p=22430"},"modified":"2026-05-01T10:54:53","modified_gmt":"2026-05-01T10:54:53","slug":"pokrzywka-alergia-cale-cialo-ja-swedzialo-lekarze-zdiagnozowali-najgorsza-diagnoze-10","status":"publish","type":"post","link":"https:\/\/strefa24.biz.ua\/?p=22430","title":{"rendered":"Pokrzywka? Alergia? Ca\u0142e cia\u0142o j\u0105 sw\u0119dzia\u0142o; lekarze zdiagnozowali najgorsz\u0105 diagnoz\u0119."},"content":{"rendered":"\n<p>Historia Fl\u00e1vii Leonel Santany jest niezwykle rzadka, ale mo\u017ce pom\u00f3c wielu osobom cierpi\u0105cym na t\u0119 sam\u0105 przypad\u0142o\u015b\u0107. <\/p>\n\n\n\n<p>Ta influencerka zacz\u0119\u0142a odczuwa\u0107 zaczerwienienie sk\u00f3ry w wieku 14 lat, po ka\u017cdym prysznicu. Nie zna\u0142a przyczyny tych podra\u017cnie\u0144. <\/p>\n\n\n\n<p>Po te\u015bcie alergicznym m\u0142oda kobieta odkry\u0142a, na co cierpi. Przygl\u0105damy si\u0119 jej historii z dziennikark\u0105 Simone Machado (BBC News Brazil).<\/p>\n\n\n\n<p>\u0179r\u00f3d\u0142o:&nbsp;<a href=\"https:\/\/www.bbc.com\/afrique\/articles\/c0j5y4jjx59o\"><em>www.bbc.com<\/em><\/a>Pokazy slajd\u00f3w<\/p>\n\n\n\n<figure class=\"wp-block-image\"><img decoding=\"async\" src=\"https:\/\/cdn.viepratique.fr\/wp-content\/uploads\/viepratique\/2025\/04\/10-122-400x220.jpg\" alt=\"\"\/><\/figure>\n\n\n\n<p>1\/10 M\u0142oda influencerka opowiada o swojej historii alergii<\/p>\n\n\n\n<p>Fl\u00e1via Leonel Santana to m\u0142oda Brazylijka znana w swoim kraju i w mediach spo\u0142eczno\u015bciowych jako influencerka i nauczycielka jogi. Pewnego dnia postanowi\u0142a opowiedzie\u0107 o swojej historii z alergi\u0105, kt\u00f3ra zacz\u0119\u0142a si\u0119, gdy mia\u0142a 14 lat.&nbsp;<\/p>\n\n\n\n<figure class=\"wp-block-image\"><img decoding=\"async\" src=\"https:\/\/cdn.viepratique.fr\/wp-content\/uploads\/viepratique\/2025\/04\/9-126-400x220.jpg\" alt=\"\"\/><\/figure>\n\n\n\n<p>2\/10 Podra\u017cnienia i sw\u0119dzenie&nbsp;<\/p>\n\n\n\n<p>Jej alergia pojawi\u0142a si\u0119 w okresie dojrzewania i objawia\u0142a si\u0119 podra\u017cnieniem i sw\u0119dzeniem podczas prysznica. Pocz\u0105tkowo my\u015bla\u0142a, \u017ce \u200b\u200bto wina myd\u0142a lub szamponu, ale nic si\u0119 nie zmieni\u0142o po zmianie produktu.&nbsp;<\/p>\n\n\n\n<figure class=\"wp-block-image\"><img decoding=\"async\" src=\"https:\/\/cdn.viepratique.fr\/wp-content\/uploads\/viepratique\/2025\/04\/4-144-400x220.jpg\" alt=\"\"\/><\/figure>\n\n\n\n<p>3\/10 Zmienia swoj\u0105 diet\u0119<\/p>\n\n\n\n<p><em>\u201eNawet bra\u0142am prysznice, ale alergia nie ust\u0119powa\u0142a<\/em>&nbsp;\u201d \u2013 powiedzia\u0142a. Fl\u00e1via zwr\u00f3ci\u0142a wtedy wi\u0119ksz\u0105 uwag\u0119 na sw\u00f3j styl \u017cycia, a zw\u0142aszcza na diet\u0119, aby sprawdzi\u0107, czy ma alergi\u0119 na jakie\u015b produkty spo\u017cywcze.&nbsp;<\/p>\n\n\n\n<figure class=\"wp-block-image\"><img decoding=\"async\" src=\"https:\/\/cdn.viepratique.fr\/wp-content\/uploads\/viepratique\/2025\/04\/6-135-400x220.jpg\" alt=\"\"\/><\/figure>\n\n\n\n<p>4\/10 Objawienie&nbsp;<\/p>\n\n\n\n<p>Ale to w\u0142a\u015bnie w dniu, w kt\u00f3rym pada\u0142 ulewny deszcz, influencerka zauwa\u017cy\u0142a co\u015b nietypowego.&nbsp;<em>\u201eMia\u0142am parasol i moja noga, w kt\u00f3r\u0105 chlapa\u0142a woda, zacz\u0119\u0142a bole\u0107, i to tylko w tej cz\u0119\u015bci cia\u0142a. Wtedy zacz\u0119\u0142am si\u0119 zastanawia\u0107, czy nie mam alergii na wod\u0119<\/em>&nbsp;\u201d \u2013 wyja\u015bni\u0142a.&nbsp;<\/p>\n\n\n\n<figure class=\"wp-block-image\"><img decoding=\"async\" src=\"https:\/\/cdn.viepratique.fr\/wp-content\/uploads\/viepratique\/2025\/04\/5-141-400x220.jpg\" alt=\"\"\/><\/figure>\n\n\n\n<p>5\/10 Ona prowadzi badania<\/p>\n\n\n\n<p>M\u0142oda kobieta szybko przeszuka\u0142a internet w poszukiwaniu opinii lub informacji o mo\u017cliwej alergii na wod\u0119. Przez sekund\u0119 nie mog\u0142a sobie wyobrazi\u0107, \u017ce co\u015b takiego mo\u017ce istnie\u0107.&nbsp;<\/p>\n\n\n\n<figure class=\"wp-block-image\"><img decoding=\"async\" src=\"https:\/\/cdn.viepratique.fr\/wp-content\/uploads\/viepratique\/2025\/04\/1-150-400x220.jpg\" alt=\"\"\/><\/figure>\n\n\n\n<p>6\/10 Nazwa jego alergii jest znana<\/p>\n\n\n\n<p>Aby mie\u0107 ca\u0142kowit\u0105 pewno\u015b\u0107, uda\u0142a si\u0119 do dermatologa, kt\u00f3ry zleci\u0142 jej testy alergiczne. Lekarz zdiagnozowa\u0142 u niej pokrzywk\u0119 wodn\u0105. To by\u0142o ogromne zaskoczenie dla m\u0142odej Brazylijki, kt\u00f3ra nigdy wcze\u015bniej nie mia\u0142a najmniejszego problemu z wod\u0105.&nbsp;<\/p>\n\n\n\n<figure class=\"wp-block-image\"><img decoding=\"async\" src=\"https:\/\/cdn.viepratique.fr\/wp-content\/uploads\/viepratique\/2025\/04\/8-128-400x220.jpg\" alt=\"\"\/><\/figure>\n\n\n\n<p>7\/10 \u0141zy lub pot mog\u0105 wywo\u0142a\u0107 alergi\u0119&nbsp;<\/p>\n\n\n\n<p>Fl\u00e1via wyja\u015bni\u0142a, \u017ce \u200b\u200bmo\u017ce pi\u0107 wod\u0119 bez ryzyka zaczerwienienia. Jednak sytuacja wygl\u0105da inaczej, gdy jej sk\u00f3ra jest mokra.&nbsp;<em>\u201eKiedy p\u0142acz\u0119 lub poc\u0119 si\u0119 na si\u0142owni, mokre miejsca na moim ciele staj\u0105 si\u0119 czerwone i pokrywaj\u0105 si\u0119 ma\u0142ymi grudkami, a do tego s\u0105 bardzo dra\u017cni\u0105ce i piek\u0105ce<\/em>&nbsp;\u201d \u2013 zwierzy\u0142a si\u0119.&nbsp;<\/p>\n\n\n\n<figure class=\"wp-block-image\"><img decoding=\"async\" src=\"https:\/\/cdn.viepratique.fr\/wp-content\/uploads\/viepratique\/2025\/04\/2-151-400x220.jpg\" alt=\"\"\/><\/figure>\n\n\n\n<p>8\/10 Leki na alergi\u0119 nie dzia\u0142aj\u0105 na ni\u0105<\/p>\n\n\n\n<p>Chocia\u017c m\u0142oda kobieta wypr\u00f3bowa\u0142a kilka lek\u00f3w na alergi\u0119, \u017caden z nich nie przyni\u00f3s\u0142 pozytywnego efektu. Fl\u00e1via musia\u0142a wi\u0119c zmieni\u0107 niekt\u00f3re swoje nawyki, czego zreszt\u0105 do dzi\u015b si\u0119 trzyma. To wyb\u00f3r, kt\u00f3rego w pe\u0142ni si\u0119 trzyma.&nbsp;<\/p>\n\n\n\n<figure class=\"wp-block-image\"><img decoding=\"async\" src=\"https:\/\/cdn.viepratique.fr\/wp-content\/uploads\/viepratique\/2025\/04\/3-143-400x220.jpg\" alt=\"\"\/><\/figure>\n\n\n\n<p>9\/10 Wzruszaj\u0105ce \u015bwiadectwo&nbsp;<\/p>\n\n\n\n<p><em>\u201eNie chodz\u0119 na basen i rzadko na pla\u017c\u0119, poniewa\u017c d\u0142ugotrwa\u0142y kontakt z wod\u0105 nasila objawy, a nawet powoduje odparzenia sk\u00f3ry. Bior\u0119 te\u017c szybki prysznic, oko\u0142o 10 minut, i zawsze bardzo dok\u0142adnie si\u0119 osuszam. Alergia zaczyna ust\u0119powa\u0107 i znika z mojej sk\u00f3ry po oko\u0142o 30 minutach<\/em>&nbsp;\u201d \u2013 doda\u0142a.&nbsp;<\/p>\n\n\n\n<figure class=\"wp-block-image\"><img decoding=\"async\" src=\"https:\/\/cdn.viepratique.fr\/wp-content\/uploads\/viepratique\/2025\/04\/design-sans-titre-3-10-400x220.jpg\" alt=\"\"\/><\/figure>\n\n\n\n<p>10\/10 Nieuleczalna choroba<\/p>\n\n\n\n<p>Wed\u0142ug specjalist\u00f3w pokrzywka wodna jest nieuleczalna. W przypadku Flavii, kt\u00f3ra, jak twierdzi, prowadzi normalne \u017cycie pomimo sporadycznych zaostrze\u0144, alergia mo\u017ce znikn\u0105\u0107 w ci\u0105gu kilku lat. I mo\u017ce to nast\u0105pi\u0107 niespodziewanie, tak samo nagle, jak w wieku 14 lat.&nbsp;<\/p>\n","protected":false},"excerpt":{"rendered":"Historia Fl\u00e1vii Leonel Santany jest niezwykle rzadka, ale mo\u017ce pom\u00f3c wielu osobom cierpi\u0105cym na t\u0119 sam\u0105 przypad\u0142o\u015b\u0107. Ta influencerka zacz\u0119\u0142a odczuwa\u0107 zaczerwienienie sk\u00f3ry \n<a class=\"moretag\" href=\"https:\/\/strefa24.biz.ua\/?p=22430\"> [...]<\/a>","protected":false},"author":1,"featured_media":22431,"comment_status":"open","ping_status":"open","sticky":false,"template":"","format":"standard","meta":{"footnotes":""},"categories":[1],"tags":[],"class_list":["post-22430","post","type-post","status-publish","format-standard","has-post-thumbnail","hentry","category-blog"],"_links":{"self":[{"href":"https:\/\/strefa24.biz.ua\/index.php?rest_route=\/wp\/v2\/posts\/22430","targetHints":{"allow":["GET"]}}],"collection":[{"href":"https:\/\/strefa24.biz.ua\/index.php?rest_route=\/wp\/v2\/posts"}],"about":[{"href":"https:\/\/strefa24.biz.ua\/index.php?rest_route=\/wp\/v2\/types\/post"}],"author":[{"embeddable":true,"href":"https:\/\/strefa24.biz.ua\/index.php?rest_route=\/wp\/v2\/users\/1"}],"replies":[{"embeddable":true,"href":"https:\/\/strefa24.biz.ua\/index.php?rest_route=%2Fwp%2Fv2%2Fcomments&post=22430"}],"version-history":[{"count":1,"href":"https:\/\/strefa24.biz.ua\/index.php?rest_route=\/wp\/v2\/posts\/22430\/revisions"}],"predecessor-version":[{"id":22432,"href":"https:\/\/strefa24.biz.ua\/index.php?rest_route=\/wp\/v2\/posts\/22430\/revisions\/22432"}],"wp:featuredmedia":[{"embeddable":true,"href":"https:\/\/strefa24.biz.ua\/index.php?rest_route=\/wp\/v2\/media\/22431"}],"wp:attachment":[{"href":"https:\/\/strefa24.biz.ua\/index.php?rest_route=%2Fwp%2Fv2%2Fmedia&parent=22430"}],"wp:term":[{"taxonomy":"category","embeddable":true,"href":"https:\/\/strefa24.biz.ua\/index.php?rest_route=%2Fwp%2Fv2%2Fcategories&post=22430"},{"taxonomy":"post_tag","embeddable":true,"href":"https:\/\/strefa24.biz.ua\/index.php?rest_route=%2Fwp%2Fv2%2Ftags&post=22430"}],"curies":[{"name":"wp","href":"https:\/\/api.w.org\/{rel}","templated":true}]}}