{"id":29791,"date":"2026-08-30T19:15:40","date_gmt":"2026-08-30T19:15:40","guid":{"rendered":"https:\/\/strefa24.biz.ua\/?p=29791"},"modified":"2026-08-30T19:15:40","modified_gmt":"2026-08-30T19:15:40","slug":"64-letni-pan-jozef-z-siedlisk-byl-jedna-z-12-ofiar-tragicznego-wypadku-polskiego-autokaru-na-wegrzech-mezczyzna-wracal-z-zona-z-pielgrzymki-do-medjugorie-szczegolnie-poruszajacy-jest-fakt-ze-o","status":"publish","type":"post","link":"https:\/\/strefa24.biz.ua\/?p=29791","title":{"rendered":"64-letni pan J\u00f3zef z Siedlisk by\u0142 jedn\u0105 z 12 ofiar tragicznego wypadku polskiego autokaru na W\u0119grzech. M\u0119\u017cczyzna wraca\u0142 z \u017con\u0105 z pielgrzymki do Medjugorie. Szczeg\u00f3lnie poruszaj\u0105cy jest fakt, \u017ce\u00a0oko\u0142o godzin\u0119 przed katastrof\u0105 ma\u0142\u017conkowie zamienili si\u0119 miejscami. Kobieta prze\u017cy\u0142a wypadek, jej m\u0105\u017c zgin\u0105\u0142 na miejscu."},"content":{"rendered":"\n<p class=\"wp-block-paragraph\">Autokarem podr\u00f3\u017cowa\u0142o \u0142\u0105cznie 59 os\u00f3b \u2013 57 pasa\u017cer\u00f3w oraz dw\u00f3ch kierowc\u00f3w. Pielgrzymi wracali do Polski po kilkudniowym pobycie w Medjugorie.<\/p>\n\n\n\n<h2 class=\"wp-block-heading\">Pojechali z wyj\u0105tkow\u0105 intencj\u0105<\/h2>\n\n\n\n<p class=\"wp-block-paragraph\">Dla pana J\u00f3zefa i jego \u017cony by\u0142a to pierwsza tego typu pielgrzymka. Ma\u0142\u017conkowie jechali do Medjugorie z bardzo osobist\u0105 intencj\u0105 \u2013&nbsp;<strong>modlili si\u0119 o przysz\u0142ego wnuka<\/strong>, kt\u00f3rego narodzin spodziewa si\u0119 ich c\u00f3rka.<\/p>\n\n\n\n<p class=\"wp-block-paragraph\">64-latek wci\u0105\u017c pracowa\u0142 zawodowo. Jak wynika z relacji rodziny, za oko\u0142o rok planowa\u0142 przej\u015b\u0107 na emerytur\u0119.<\/p>\n\n\n\n<p class=\"wp-block-paragraph\">Nic nie wskazywa\u0142o na to, \u017ce powr\u00f3t z pielgrzymki zako\u0144czy si\u0119 tragedi\u0105.<\/p>\n\n\n\n<h2 class=\"wp-block-heading\">Godzin\u0119 przed wypadkiem zamienili si\u0119 miejscami<\/h2>\n\n\n\n<p class=\"wp-block-paragraph\">Wed\u0142ug informacji przekazanych przez rodzin\u0119 oko\u0142o godzin\u0119 przed katastrof\u0105 pan J\u00f3zef i jego \u017cona zdecydowali si\u0119 zamieni\u0107 miejscami w autokarze.<\/p>\n\n\n\n<p class=\"wp-block-paragraph\">Po zmianie m\u0119\u017cczyzna usiad\u0142 na fotelu, kt\u00f3ry wcze\u015bniej zajmowa\u0142a jego \u017cona.<\/p>\n\n\n\n<p class=\"wp-block-paragraph\">Nied\u0142ugo p\u00f3\u017aniej autobus wypad\u0142 z autostrady i przewr\u00f3ci\u0142 si\u0119 do przydro\u017cnego rowu.&nbsp;<strong>Pan J\u00f3zef zgin\u0105\u0142 na miejscu.<\/strong><\/p>\n\n\n\n<p class=\"wp-block-paragraph\">Jego \u017cona prze\u017cy\u0142a katastrof\u0119. Dozna\u0142a urazu r\u0119ki i zosta\u0142a przewieziona do szpitala na W\u0119grzech. Wed\u0142ug informacji przekazanych bliskim jej stan pozwala oczekiwa\u0107 pe\u0142nego powrotu do zdrowia.<\/p>\n\n\n\n<h2 class=\"wp-block-heading\">Rodzina d\u0142ugo nie wiedzia\u0142a, co si\u0119 wydarzy\u0142o<\/h2>\n\n\n\n<p class=\"wp-block-paragraph\">Pierwsze godziny po katastrofie by\u0142y dla bliskich szczeg\u00f3lnie dramatyczne. Rodzina pr\u00f3bowa\u0142a ustali\u0107, co sta\u0142o si\u0119 z ma\u0142\u017conkami oraz jaki jest stan pozosta\u0142ych uczestnik\u00f3w pielgrzymki.<\/p>\n\n\n\n<p class=\"wp-block-paragraph\">Krewni kontaktowali si\u0119 m.in. z polsk\u0105 ambasad\u0105, jednak szczeg\u00f3\u0142owe informacje o ofiarach i rannych dociera\u0142y stopniowo.<\/p>\n\n\n\n<p class=\"wp-block-paragraph\">Cz\u0119\u015b\u0107 rodziny nie chcia\u0142a czeka\u0107 na kolejne komunikaty. Bliscy wsiedli do samochod\u00f3w i&nbsp;<strong>ruszyli bezpo\u015brednio na W\u0119gry<\/strong>, aby znale\u017a\u0107 si\u0119 przy rannej kobiecie i pozna\u0107 szczeg\u00f3\u0142y tragedii.<\/p>\n\n\n\n<h2 class=\"wp-block-heading\">Z Siedlisk pojecha\u0142o a\u017c 17 os\u00f3b<\/h2>\n\n\n\n<p class=\"wp-block-paragraph\">Katastrofa szczeg\u00f3lnie mocno dotkn\u0119\u0142a lokaln\u0105 spo\u0142eczno\u015b\u0107 Siedlisk. Wed\u0142ug przekazanych informacji z miejscowo\u015bci na pielgrzymk\u0119 wyjecha\u0142o a\u017c&nbsp;<strong>17 os\u00f3b<\/strong>.<\/p>\n\n\n\n<p class=\"wp-block-paragraph\">Autokar wracaj\u0105cy z Medjugorie uleg\u0142 wypadkowi w nocy 17 sierpnia. Pojazd zjecha\u0142 z autostrady i przewr\u00f3ci\u0142 si\u0119 do rowu.<\/p>\n\n\n\n<p class=\"wp-block-paragraph\">Bilans tragedii okaza\u0142 si\u0119 dramatyczny \u2013&nbsp;<strong>zgin\u0119\u0142o 12 os\u00f3b<\/strong>.<\/p>\n\n\n\n<h2 class=\"wp-block-heading\">Kierowca trafi\u0142 do aresztu<\/h2>\n\n\n\n<p class=\"wp-block-paragraph\">Po katastrofie jeden z kierowc\u00f3w autokaru zosta\u0142 zatrzymany. S\u0105d zdecydowa\u0142 nast\u0119pnie o jego&nbsp;<strong>30-dniowym areszcie<\/strong>.<\/p>\n\n\n\n<p class=\"wp-block-paragraph\">\u015aledczy nadal ustalaj\u0105 dok\u0142adny przebieg wypadku oraz jego przyczyny.<\/p>\n\n\n\n<p class=\"wp-block-paragraph\">Do Polski stopniowo wracaj\u0105 osoby poszkodowane w katastrofie, kt\u00f3rych stan zdrowia pozwala na opuszczenie w\u0119gierskich szpitali. Planowane jest r\u00f3wnie\u017c sprowadzenie do kraju cia\u0142 wszystkich 12 ofiar.<\/p>\n\n\n\n<p class=\"wp-block-paragraph\">Dla rodziny pana J\u00f3zefa pielgrzymka, kt\u00f3ra mia\u0142a by\u0107 czasem modlitwy i nadziei przed narodzinami wnuka, zako\u0144czy\u0142a si\u0119 niewyobra\u017caln\u0105 tragedi\u0105.<\/p>\n","protected":false},"excerpt":{"rendered":"Autokarem podr\u00f3\u017cowa\u0142o \u0142\u0105cznie 59 os\u00f3b \u2013 57 pasa\u017cer\u00f3w oraz dw\u00f3ch kierowc\u00f3w. Pielgrzymi wracali do Polski po kilkudniowym pobycie w Medjugorie. Pojechali z wyj\u0105tkow\u0105 \n<a class=\"moretag\" href=\"https:\/\/strefa24.biz.ua\/?p=29791\"> [...]<\/a>","protected":false},"author":1,"featured_media":29792,"comment_status":"open","ping_status":"open","sticky":false,"template":"","format":"standard","meta":{"footnotes":""},"categories":[1],"tags":[],"class_list":["post-29791","post","type-post","status-publish","format-standard","has-post-thumbnail","hentry","category-blog"],"_links":{"self":[{"href":"https:\/\/strefa24.biz.ua\/index.php?rest_route=\/wp\/v2\/posts\/29791","targetHints":{"allow":["GET"]}}],"collection":[{"href":"https:\/\/strefa24.biz.ua\/index.php?rest_route=\/wp\/v2\/posts"}],"about":[{"href":"https:\/\/strefa24.biz.ua\/index.php?rest_route=\/wp\/v2\/types\/post"}],"author":[{"embeddable":true,"href":"https:\/\/strefa24.biz.ua\/index.php?rest_route=\/wp\/v2\/users\/1"}],"replies":[{"embeddable":true,"href":"https:\/\/strefa24.biz.ua\/index.php?rest_route=%2Fwp%2Fv2%2Fcomments&post=29791"}],"version-history":[{"count":1,"href":"https:\/\/strefa24.biz.ua\/index.php?rest_route=\/wp\/v2\/posts\/29791\/revisions"}],"predecessor-version":[{"id":29793,"href":"https:\/\/strefa24.biz.ua\/index.php?rest_route=\/wp\/v2\/posts\/29791\/revisions\/29793"}],"wp:featuredmedia":[{"embeddable":true,"href":"https:\/\/strefa24.biz.ua\/index.php?rest_route=\/wp\/v2\/media\/29792"}],"wp:attachment":[{"href":"https:\/\/strefa24.biz.ua\/index.php?rest_route=%2Fwp%2Fv2%2Fmedia&parent=29791"}],"wp:term":[{"taxonomy":"category","embeddable":true,"href":"https:\/\/strefa24.biz.ua\/index.php?rest_route=%2Fwp%2Fv2%2Fcategories&post=29791"},{"taxonomy":"post_tag","embeddable":true,"href":"https:\/\/strefa24.biz.ua\/index.php?rest_route=%2Fwp%2Fv2%2Ftags&post=29791"}],"curies":[{"name":"wp","href":"https:\/\/api.w.org\/{rel}","templated":true}]}}