{"id":29941,"date":"2026-09-02T12:06:27","date_gmt":"2026-09-02T12:06:27","guid":{"rendered":"https:\/\/strefa24.biz.ua\/?p=29941"},"modified":"2026-09-02T12:06:27","modified_gmt":"2026-09-02T12:06:27","slug":"nie-zyje-jakub-salamon","status":"publish","type":"post","link":"https:\/\/strefa24.biz.ua\/?p=29941","title":{"rendered":"Nie \u017cyje Jakub Salamon"},"content":{"rendered":"\n<p class=\"wp-block-paragraph\">Spo\u0142eczno\u015b\u0107 z \u017bywiecczyzny pogr\u0105\u017cy\u0142a si\u0119 w g\u0142\u0119bokim smutku po tragicznej wiadomo\u015bci, jaka dotar\u0142a w ostatnich godzinach.<\/p>\n\n\n\n<p class=\"wp-block-paragraph\">W lokalnych mediach i internecie pojawi\u0142y si\u0119 liczne wpisy pe\u0142ne \u017calu, wspomnie\u0144 i po\u017cegna\u0144.<\/p>\n\n\n\n<p class=\"wp-block-paragraph\">Dla wielu mieszka\u0144c\u00f3w to osobista strata \u2013 odej\u015bcie cz\u0142owieka, kt\u00f3ry by\u0142 nie tylko sportowcem, ale te\u017c oddanym druhom i przyjacielem.<\/p>\n\n\n\n<p class=\"wp-block-paragraph\">Jakub Salamon przez trzyna\u015bcie lat by\u0142 filarem dru\u017cyny LKS Jezioro \u017bywieckie Zarzecze.<\/p>\n\n\n\n<p class=\"wp-block-paragraph\">Z klubem zwi\u0105zany by\u0142 od 2012 roku, a jego zaanga\u017cowanie na boisku i poza nim zyska\u0142o mu szacunek koleg\u00f3w, kibic\u00f3w i ca\u0142ej spo\u0142eczno\u015bci.<\/p>\n\n\n\n<p class=\"wp-block-paragraph\">Rzadko zdarza si\u0119, by zawodnik przez tak d\u0142ugi czas reprezentowa\u0142 barwy jednego klubu, zw\u0142aszcza na poziomie amatorskim.<\/p>\n\n\n\n<p class=\"wp-block-paragraph\">Jakub by\u0142 nie tylko kapitanem dru\u017cyny, ale te\u017c jej sercem i duchem.<\/p>\n\n\n\n<p class=\"wp-block-paragraph\">Jeszcze w pa\u017adzierniku rozegra\u0142 sw\u00f3j ostatni mecz, nie wiedz\u0105c, \u017ce b\u0119dzie to jego po\u017cegnanie z boiskiem.<\/p>\n\n\n\n<p class=\"wp-block-paragraph\">To w\u0142a\u015bnie wtedy po raz ostatni za\u0142o\u017cy\u0142 koszulk\u0119 klubu, kt\u00f3rego by\u0142 wiernym reprezentantem przez ponad dekad\u0119.<\/p>\n\n\n\n<p class=\"wp-block-paragraph\">Dzi\u015b klub poinformowa\u0142 o jego \u015bmierci, publikuj\u0105c wzruszaj\u0105cy komunikat w mediach spo\u0142eczno\u015bciowych.<\/p>\n\n\n\n<p class=\"wp-block-paragraph\">\u201eZ g\u0142\u0119bokim smutkiem \u017cegnamy pi\u0142karza, kapitana naszej dru\u017cyny, stra\u017caka, wieloletniego dzia\u0142acza na rzecz wsi i przyjaciela, Jakuba Salamona. Na zawsze pozostaniesz cz\u0119\u015bci\u0105 naszej dru\u017cyny i naszych serc. Dzi\u0119kujemy za wszystko. Do zobaczenia, Sali\u201d \u2013 napisa\u0142 LKS Jezioro \u017bywieckie Zarzecze.<\/p>\n\n\n\n<p class=\"wp-block-paragraph\">Prezes klubu, Jerzy Wandzel, w rozmowie z&nbsp;<em>Radiem Bielsko<\/em>&nbsp;nie kry\u0142 emocji.<\/p>\n\n\n\n<p class=\"wp-block-paragraph\">\u201eNie mog\u0119 si\u0119 pogodzi\u0107, \u017ce Kuby ju\u017c z nami nie ma\u2026 By\u0142 naszym kapitanem, super koleg\u0105 i bardzo dobrym zawodnikiem\u201d \u2013 powiedzia\u0142 z wyra\u017anym wzruszeniem.<\/p>\n\n\n\n<p class=\"wp-block-paragraph\">Jakub Salamon mia\u0142 zaledwie 29 lat.<\/p>\n\n\n\n<p class=\"wp-block-paragraph\">\u0141\u0105czy\u0142 gr\u0119 w pi\u0142k\u0119 z prac\u0105 stra\u017caka w miejscowej jednostce Ochotniczej Stra\u017cy Po\u017carnej.<\/p>\n\n\n\n<p class=\"wp-block-paragraph\">R\u00f3wnie\u017c jego druhowie po\u017cegnali go w poruszaj\u0105cych s\u0142owach.<\/p>\n\n\n\n<p class=\"wp-block-paragraph\">\u201eDruh Jakub przez wiele lat z oddaniem i po\u015bwi\u0119ceniem s\u0142u\u017cy\u0142 naszej spo\u0142eczno\u015bci, nios\u0105c pomoc potrzebuj\u0105cym i godnie reprezentuj\u0105c nasz\u0105 jednostk\u0119. Jego zaanga\u017cowanie, kole\u017ce\u0144sko\u015b\u0107 i serce do s\u0142u\u017cby pozostan\u0105 na zawsze w naszej pami\u0119ci\u201d \u2013 czytamy w komunikacie OSP Zarzecze.<\/p>\n\n\n\n<p class=\"wp-block-paragraph\">Jego \u015bmier\u0107 to ogromna strata dla ca\u0142ej lokalnej spo\u0142eczno\u015bci \u2013 dla dru\u017cyny, przyjaci\u00f3\u0142, s\u0105siad\u00f3w i tych, kt\u00f3rym pomaga\u0142 jako stra\u017cak.<\/p>\n\n\n\n<p class=\"wp-block-paragraph\">Dla wielu pozostanie symbolem pasji, lojalno\u015bci i oddania \u2013 cz\u0142owiekiem, kt\u00f3ry potrafi\u0142 \u0142\u0105czy\u0107 sport, s\u0142u\u017cb\u0119 i dobro innych.<\/p>\n\n\n\n<p class=\"wp-block-paragraph\">\u201eNa zawsze w naszych sercach\u201d \u2013 te s\u0142owa, powtarzane przez przyjaci\u00f3\u0142 i koleg\u00f3w z boiska, dzi\u015b wybrzmiewaj\u0105 szczeg\u00f3lnie mocno.<\/p>\n","protected":false},"excerpt":{"rendered":"Spo\u0142eczno\u015b\u0107 z \u017bywiecczyzny pogr\u0105\u017cy\u0142a si\u0119 w g\u0142\u0119bokim smutku po tragicznej wiadomo\u015bci, jaka dotar\u0142a w ostatnich godzinach. W lokalnych mediach i internecie pojawi\u0142y si\u0119 \n<a class=\"moretag\" href=\"https:\/\/strefa24.biz.ua\/?p=29941\"> [...]<\/a>","protected":false},"author":1,"featured_media":29942,"comment_status":"open","ping_status":"open","sticky":false,"template":"","format":"standard","meta":{"footnotes":""},"categories":[1],"tags":[],"class_list":["post-29941","post","type-post","status-publish","format-standard","has-post-thumbnail","hentry","category-blog"],"_links":{"self":[{"href":"https:\/\/strefa24.biz.ua\/index.php?rest_route=\/wp\/v2\/posts\/29941","targetHints":{"allow":["GET"]}}],"collection":[{"href":"https:\/\/strefa24.biz.ua\/index.php?rest_route=\/wp\/v2\/posts"}],"about":[{"href":"https:\/\/strefa24.biz.ua\/index.php?rest_route=\/wp\/v2\/types\/post"}],"author":[{"embeddable":true,"href":"https:\/\/strefa24.biz.ua\/index.php?rest_route=\/wp\/v2\/users\/1"}],"replies":[{"embeddable":true,"href":"https:\/\/strefa24.biz.ua\/index.php?rest_route=%2Fwp%2Fv2%2Fcomments&post=29941"}],"version-history":[{"count":1,"href":"https:\/\/strefa24.biz.ua\/index.php?rest_route=\/wp\/v2\/posts\/29941\/revisions"}],"predecessor-version":[{"id":29943,"href":"https:\/\/strefa24.biz.ua\/index.php?rest_route=\/wp\/v2\/posts\/29941\/revisions\/29943"}],"wp:featuredmedia":[{"embeddable":true,"href":"https:\/\/strefa24.biz.ua\/index.php?rest_route=\/wp\/v2\/media\/29942"}],"wp:attachment":[{"href":"https:\/\/strefa24.biz.ua\/index.php?rest_route=%2Fwp%2Fv2%2Fmedia&parent=29941"}],"wp:term":[{"taxonomy":"category","embeddable":true,"href":"https:\/\/strefa24.biz.ua\/index.php?rest_route=%2Fwp%2Fv2%2Fcategories&post=29941"},{"taxonomy":"post_tag","embeddable":true,"href":"https:\/\/strefa24.biz.ua\/index.php?rest_route=%2Fwp%2Fv2%2Ftags&post=29941"}],"curies":[{"name":"wp","href":"https:\/\/api.w.org\/{rel}","templated":true}]}}