{"id":30012,"date":"2026-09-03T15:28:19","date_gmt":"2026-09-03T15:28:19","guid":{"rendered":"https:\/\/strefa24.biz.ua\/?p=30012"},"modified":"2026-09-03T15:28:19","modified_gmt":"2026-09-03T15:28:19","slug":"od-niesmialego-chlopca-do-ikony-hollywood-czy-potrafisz-zgadnac-kim-jest","status":"publish","type":"post","link":"https:\/\/strefa24.biz.ua\/?p=30012","title":{"rendered":"Od nie\u015bmia\u0142ego ch\u0142opca do ikony Hollywood: czy potrafisz zgadn\u0105\u0107, kim jest?"},"content":{"rendered":"\n<p class=\"wp-block-paragraph\">Jean-Claude Van Damme wi\u0119kszo\u015bci widz\u00f3w kojarzy si\u0119 z pot\u0119\u017cnymi kopni\u0119ciami, szpagatem i filmami, kt\u00f3re na lata zdefiniowa\u0142y kino akcji.<\/p>\n\n\n\n<p class=\"wp-block-paragraph\">Dla jednych by\u0142 bohaterem \u201eKrwawego sportu\u201d, dla innych niezapomnian\u0105 twarz\u0105 \u201eKickboxera\u201d, \u201eUniwersalnego \u017co\u0142nierza\u201d czy \u201ePodw\u00f3jnego uderzenia\u201d.<\/p>\n\n\n\n<p class=\"wp-block-paragraph\">Zanim jednak sta\u0142 si\u0119 cz\u0142owiekiem, kt\u00f3rego \u015bwiat pozna\u0142 jako \u201emi\u0119\u015bnie z Brukseli\u201d, by\u0142 zupe\u0142nie innym ch\u0142opcem, ni\u017c wielu mog\u0142oby sobie wyobrazi\u0107.<\/p>\n\n\n\n<p class=\"wp-block-paragraph\">Jean-Claude Van Damme urodzi\u0142 si\u0119 jako Jean-Claude Camille Fran\u00e7ois Van Varenberg w 1960 roku w Berchem-Sainte-Agathe, jednej z gmin Regionu Sto\u0142ecznego Brukseli.<\/p>\n\n\n\n<p class=\"wp-block-paragraph\">Nie dorasta\u0142 jako pewny siebie twardziel, kt\u00f3ry od dziecka wygl\u0105da\u0142 jak przysz\u0142a gwiazda film\u00f3w walki.<\/p>\n\n\n\n<p class=\"wp-block-paragraph\">W biografiach opisywany jest raczej jako szczup\u0142y, nie\u015bmia\u0142y ch\u0142opiec, kt\u00f3ry dopiero z czasem zacz\u0105\u0142 budowa\u0107 si\u0142\u0119, charakter i dyscyplin\u0119.<\/p>\n\n\n\n<p class=\"wp-block-paragraph\">Prze\u0142omem okaza\u0142y si\u0119 sztuki walki.<\/p>\n\n\n\n<p class=\"wp-block-paragraph\">Jego ojciec zapisa\u0142 go na karate Shotokan, a treningi szybko sta\u0142y si\u0119 dla m\u0142odego Jean-Claude\u2019a czym\u015b wi\u0119cej ni\u017c tylko sposobem na popraw\u0119 kondycji.<\/p>\n\n\n\n<p class=\"wp-block-paragraph\">Karate nauczy\u0142o go kontroli, wytrwa\u0142o\u015bci i panowania nad cia\u0142em.<\/p>\n\n\n\n<p class=\"wp-block-paragraph\">To w\u0142a\u015bnie tam zacz\u0105\u0142 zmienia\u0107 si\u0119 z ch\u0142opca, kt\u00f3rego \u0142atwo by\u0142o nie zauwa\u017cy\u0107, w kogo\u015b, kto potrafi\u0142 przyci\u0105ga\u0107 uwag\u0119 ruchem, precyzj\u0105 i determinacj\u0105.<\/p>\n\n\n\n<p class=\"wp-block-paragraph\">Ma\u0142o kto pami\u0119ta, \u017ce wa\u017cn\u0105 cz\u0119\u015bci\u0105 jego drogi by\u0142 tak\u017ce balet.<\/p>\n\n\n\n<p class=\"wp-block-paragraph\">Van Damme trenowa\u0142 taniec klasyczny, co p\u00f3\u017aniej mia\u0142o ogromny wp\u0142yw na jego styl walki na ekranie.<\/p>\n\n\n\n<p class=\"wp-block-paragraph\">To po\u0142\u0105czenie mo\u017ce brzmie\u0107 zaskakuj\u0105co, ale w\u0142a\u015bnie dzi\u0119ki niemu jego ruchy wygl\u0105da\u0142y inaczej ni\u017c u wielu aktor\u00f3w kina akcji.<\/p>\n\n\n\n<p class=\"wp-block-paragraph\">Nie by\u0142y tylko si\u0142owe.<\/p>\n\n\n\n<p class=\"wp-block-paragraph\">By\u0142y p\u0142ynne, precyzyjne i niemal choreograficzne.<\/p>\n\n\n\n<p class=\"wp-block-paragraph\">Kopni\u0119cia z obrotu, wysokie wymachy n\u00f3g i s\u0142ynny szpagat nie wzi\u0119\u0142y si\u0119 znik\u0105d.<\/p>\n\n\n\n<p class=\"wp-block-paragraph\">By\u0142y efektem lat treningu, rozci\u0105gania, dyscypliny i pracy nad cia\u0142em.<\/p>\n\n\n\n<p class=\"wp-block-paragraph\">Van Damme nie budowa\u0142 swojej ekranowej legendy wy\u0142\u0105cznie na mi\u0119\u015bniach.<\/p>\n\n\n\n<p class=\"wp-block-paragraph\">Budowa\u0142 j\u0105 na kontroli.<\/p>\n\n\n\n<p class=\"wp-block-paragraph\">Na tym, \u017ce potrafi\u0142 po\u0142\u0105czy\u0107 si\u0142\u0119 wojownika z gracj\u0105 tancerza.<\/p>\n\n\n\n<p class=\"wp-block-paragraph\">Z czasem treningi zacz\u0119\u0142y przynosi\u0107 konkretne sukcesy.<\/p>\n\n\n\n<p class=\"wp-block-paragraph\">\u0179r\u00f3d\u0142a biograficzne podaj\u0105, \u017ce zanim trafi\u0142 do Hollywood, odnosi\u0142 sukcesy w sportach walki i kulturystyce w Belgii.<\/p>\n\n\n\n<p class=\"wp-block-paragraph\">To jednak nie wystarcza\u0142o, by spe\u0142ni\u0107 jego najwi\u0119ksze marzenie.<\/p>\n\n\n\n<p class=\"wp-block-paragraph\">Chcia\u0142 gra\u0107 w filmach.<\/p>\n\n\n\n<p class=\"wp-block-paragraph\">Chcia\u0142 pokaza\u0107 \u015bwiatu, \u017ce europejski ch\u0142opak z silnym akcentem i ogromn\u0105 ambicj\u0105 mo\u017ce zosta\u0107 gwiazd\u0105 kina akcji.<\/p>\n\n\n\n<p class=\"wp-block-paragraph\">Na pocz\u0105tku nie by\u0142o w tym nic \u0142atwego.<\/p>\n\n\n\n<p class=\"wp-block-paragraph\">Van Damme wyjecha\u0142 do Stan\u00f3w Zjednoczonych na pocz\u0105tku lat 80., pr\u00f3buj\u0105c zdoby\u0107 miejsce w bran\u017cy, kt\u00f3ra nie czeka\u0142a na niego z otwartymi ramionami.<\/p>\n\n\n\n<p class=\"wp-block-paragraph\">Nie mia\u0142 wielkich znajomo\u015bci ani pewnej pozycji.<\/p>\n\n\n\n<p class=\"wp-block-paragraph\">Musia\u0142 walczy\u0107 o uwag\u0119, podejmowa\u0107 r\u00f3\u017cne prace i przekonywa\u0107 ludzi, \u017ce ma w sobie co\u015b, czego nie da si\u0119 podrobi\u0107.<\/p>\n\n\n\n<p class=\"wp-block-paragraph\">Prze\u0142om przyszed\u0142 wraz z filmem \u201eBloodsport\u201d z 1988 roku.<\/p>\n\n\n\n<p class=\"wp-block-paragraph\">To w\u0142a\u015bnie ta produkcja otworzy\u0142a mu drog\u0119 do mi\u0119dzynarodowej rozpoznawalno\u015bci i sprawi\u0142a, \u017ce widzowie zacz\u0119li kojarzy\u0107 jego nazwisko z widowiskowymi scenami walki.<\/p>\n\n\n\n<p class=\"wp-block-paragraph\">P\u00f3\u017aniej przysz\u0142y kolejne filmy, mi\u0119dzy innymi \u201eKickboxer\u201d, \u201eDouble Impact\u201d i \u201eUniversal Soldier\u201d.<\/p>\n\n\n\n<p class=\"wp-block-paragraph\">W kr\u00f3tkim czasie Van Damme sta\u0142 si\u0119 jedn\u0105 z najbardziej rozpoznawalnych twarzy kina akcji ko\u0144ca lat 80. i lat 90.<\/p>\n\n\n\n<p class=\"wp-block-paragraph\">Jego ekranowy wizerunek by\u0142 prosty i bardzo skuteczny.<\/p>\n\n\n\n<p class=\"wp-block-paragraph\">Silny, samotny wojownik.<\/p>\n\n\n\n<p class=\"wp-block-paragraph\">Cz\u0142owiek, kt\u00f3ry cz\u0119sto cierpi, ale nie rezygnuje.<\/p>\n\n\n\n<p class=\"wp-block-paragraph\">Bohater, kt\u00f3ry potrafi przyj\u0105\u0107 cios, wsta\u0107 i odpowiedzie\u0107 z jeszcze wi\u0119ksz\u0105 determinacj\u0105.<\/p>\n\n\n\n<p class=\"wp-block-paragraph\">By\u0107 mo\u017ce w\u0142a\u015bnie dlatego tak wielu widz\u00f3w go zapami\u0119ta\u0142o.<\/p>\n\n\n\n<p class=\"wp-block-paragraph\">Za efektownymi scenami walki kry\u0142a si\u0119 historia kogo\u015b, kto naprawd\u0119 musia\u0142 siebie zbudowa\u0107.<\/p>\n\n\n\n<p class=\"wp-block-paragraph\">Nie urodzi\u0142 si\u0119 gotow\u0105 legend\u0105.<\/p>\n\n\n\n<p class=\"wp-block-paragraph\">Nie by\u0142 od pocz\u0105tku cz\u0142owiekiem, kt\u00f3rego wszyscy widzieli jako zwyci\u0119zc\u0119.<\/p>\n\n\n\n<p class=\"wp-block-paragraph\">Musia\u0142 przej\u015b\u0107 drog\u0119 od niepewno\u015bci do si\u0142y, od nie\u015bmia\u0142o\u015bci do sceny, od trening\u00f3w w Belgii do plakat\u00f3w filmowych na ca\u0142ym \u015bwiecie.<\/p>\n\n\n\n<p class=\"wp-block-paragraph\">W historii Van Damme\u2019a ciekawy jest te\u017c kontrast.<\/p>\n\n\n\n<p class=\"wp-block-paragraph\">Z jednej strony mi\u0119\u015bnie, karate i kino akcji.<\/p>\n\n\n\n<p class=\"wp-block-paragraph\">Z drugiej wra\u017cliwo\u015b\u0107, balet, muzyka klasyczna i potrzeba udowodnienia, \u017ce si\u0142a nie zawsze wygl\u0105da tak, jak si\u0119 ludziom wydaje.<\/p>\n\n\n\n<p class=\"wp-block-paragraph\">Bo prawdziwa si\u0142a nie polega tylko na tym, \u017ce kto\u015b potrafi uderzy\u0107.<\/p>\n\n\n\n<p class=\"wp-block-paragraph\">Czasem polega na tym, \u017ce cz\u0142owiek nie pozwala, aby dzieci\u0119ce kompleksy, \u015bmiech innych albo trudny start zdefiniowa\u0142y ca\u0142e jego \u017cycie.<\/p>\n\n\n\n<p class=\"wp-block-paragraph\">Van Damme wykorzysta\u0142 wszystko, co mog\u0142o wydawa\u0107 si\u0119 s\u0142abo\u015bci\u0105.<\/p>\n\n\n\n<p class=\"wp-block-paragraph\">Szczup\u0142\u0105 sylwetk\u0119 zmieni\u0142 w sprawno\u015b\u0107.<\/p>\n\n\n\n<p class=\"wp-block-paragraph\">Nie\u015bmia\u0142o\u015b\u0107 w skupienie.<\/p>\n\n\n\n<p class=\"wp-block-paragraph\">Taniec w kontrol\u0119 cia\u0142a.<\/p>\n\n\n\n<p class=\"wp-block-paragraph\">Sztuki walki w filmowy j\u0119zyk, kt\u00f3ry rozpozna\u0142y miliony widz\u00f3w.<\/p>\n\n\n\n<p class=\"wp-block-paragraph\">Dlatego jego historia nadal dzia\u0142a na wyobra\u017ani\u0119.<\/p>\n\n\n\n<p class=\"wp-block-paragraph\">Pokazuje, \u017ce cz\u0142owiek nie musi pasowa\u0107 do pierwszego wyobra\u017cenia, jakie maj\u0105 o nim inni.<\/p>\n\n\n\n<p class=\"wp-block-paragraph\">Mo\u017ce dorosn\u0105\u0107 do zupe\u0142nie innej wersji siebie.<\/p>\n\n\n\n<p class=\"wp-block-paragraph\">Mo\u017ce sta\u0107 si\u0119 kim\u015b, kogo nikt si\u0119 nie spodziewa\u0142.<\/p>\n\n\n\n<p class=\"wp-block-paragraph\">I mo\u017ce udowodni\u0107, \u017ce czasem ch\u0142opiec, kt\u00f3rego kiedy\u015b nie traktowano powa\u017cnie, naprawd\u0119 potrafi podbi\u0107 \u015bwiat.<\/p>\n\n\n\n<p class=\"wp-block-paragraph\">Nawet je\u015bli robi to jednym kopni\u0119ciem z obrotu.<\/p>\n","protected":false},"excerpt":{"rendered":"Jean-Claude Van Damme wi\u0119kszo\u015bci widz\u00f3w kojarzy si\u0119 z pot\u0119\u017cnymi kopni\u0119ciami, szpagatem i filmami, kt\u00f3re na lata zdefiniowa\u0142y kino akcji. Dla jednych by\u0142 bohaterem \n<a class=\"moretag\" href=\"https:\/\/strefa24.biz.ua\/?p=30012\"> [...]<\/a>","protected":false},"author":1,"featured_media":30013,"comment_status":"open","ping_status":"open","sticky":false,"template":"","format":"standard","meta":{"footnotes":""},"categories":[1],"tags":[],"class_list":["post-30012","post","type-post","status-publish","format-standard","has-post-thumbnail","hentry","category-blog"],"_links":{"self":[{"href":"https:\/\/strefa24.biz.ua\/index.php?rest_route=\/wp\/v2\/posts\/30012","targetHints":{"allow":["GET"]}}],"collection":[{"href":"https:\/\/strefa24.biz.ua\/index.php?rest_route=\/wp\/v2\/posts"}],"about":[{"href":"https:\/\/strefa24.biz.ua\/index.php?rest_route=\/wp\/v2\/types\/post"}],"author":[{"embeddable":true,"href":"https:\/\/strefa24.biz.ua\/index.php?rest_route=\/wp\/v2\/users\/1"}],"replies":[{"embeddable":true,"href":"https:\/\/strefa24.biz.ua\/index.php?rest_route=%2Fwp%2Fv2%2Fcomments&post=30012"}],"version-history":[{"count":1,"href":"https:\/\/strefa24.biz.ua\/index.php?rest_route=\/wp\/v2\/posts\/30012\/revisions"}],"predecessor-version":[{"id":30014,"href":"https:\/\/strefa24.biz.ua\/index.php?rest_route=\/wp\/v2\/posts\/30012\/revisions\/30014"}],"wp:featuredmedia":[{"embeddable":true,"href":"https:\/\/strefa24.biz.ua\/index.php?rest_route=\/wp\/v2\/media\/30013"}],"wp:attachment":[{"href":"https:\/\/strefa24.biz.ua\/index.php?rest_route=%2Fwp%2Fv2%2Fmedia&parent=30012"}],"wp:term":[{"taxonomy":"category","embeddable":true,"href":"https:\/\/strefa24.biz.ua\/index.php?rest_route=%2Fwp%2Fv2%2Fcategories&post=30012"},{"taxonomy":"post_tag","embeddable":true,"href":"https:\/\/strefa24.biz.ua\/index.php?rest_route=%2Fwp%2Fv2%2Ftags&post=30012"}],"curies":[{"name":"wp","href":"https:\/\/api.w.org\/{rel}","templated":true}]}}