{"id":30038,"date":"2026-09-04T08:42:55","date_gmt":"2026-09-04T08:42:55","guid":{"rendered":"https:\/\/strefa24.biz.ua\/?p=30038"},"modified":"2026-09-04T08:42:55","modified_gmt":"2026-09-04T08:42:55","slug":"tragiczny-wypadek-na-a1-nie-zyja-cztery-osoby-trwa-dramatyczna-akcja-ratunkowa","status":"publish","type":"post","link":"https:\/\/strefa24.biz.ua\/?p=30038","title":{"rendered":"Tragiczny wypadek na A1. Nie \u017cyj\u0105 cztery osoby. Trwa dramatyczna akcja ratunkowa"},"content":{"rendered":"\n<p class=\"wp-block-paragraph\"><strong>Tragiczny wypadek na A1. Ci\u0119\u017car\u00f3wka wjecha\u0142a w ekip\u0119 remontow\u0105<\/strong><\/p>\n\n\n\n<p class=\"wp-block-paragraph\">Do tragicznego wypadku dosz\u0142o we wtorkowy poranek na autostradzie A1 w powiecie cz\u0119stochowskim.<\/p>\n\n\n\n<p class=\"wp-block-paragraph\">Ci\u0119\u017car\u00f3wka wjecha\u0142a w ekip\u0119 remontow\u0105 pracuj\u0105c\u0105 na drodze.<\/p>\n\n\n\n<p class=\"wp-block-paragraph\">Na miejscu natychmiast pojawi\u0142y si\u0119 s\u0142u\u017cby ratunkowe, stra\u017c po\u017carna, policja oraz za\u0142ogi Lotniczego Pogotowia Ratunkowego.<\/p>\n\n\n\n<p class=\"wp-block-paragraph\">Bilans zdarzenia okaza\u0142 si\u0119 dramatyczny.<\/p>\n\n\n\n<p class=\"wp-block-paragraph\">Wed\u0142ug najnowszych informacji w wypadku zgin\u0119\u0142o pi\u0119\u0107 os\u00f3b.<\/p>\n\n\n\n<p class=\"wp-block-paragraph\">Do tragedii dosz\u0142o we wtorek, 1 wrze\u015bnia, kilka minut po godzinie 9:00.<\/p>\n\n\n\n<p class=\"wp-block-paragraph\">Zdarzenie mia\u0142o miejsce na odcinku autostrady A1 w rejonie miejscowo\u015bci Mykan\u00f3w, niedaleko Cz\u0119stochowy.<\/p>\n\n\n\n<p class=\"wp-block-paragraph\">Chodzi o fragment trasy przed zjazdem w kierunku Katowic.<\/p>\n\n\n\n<p class=\"wp-block-paragraph\">W tym miejscu prowadzone by\u0142y prace remontowe.<\/p>\n\n\n\n<p class=\"wp-block-paragraph\">Wed\u0142ug informacji przekazanych przez s\u0142u\u017cby ci\u0119\u017car\u00f3wka uderzy\u0142a w pracownik\u00f3w s\u0142u\u017cby drogowej oraz pojazd obs\u0142ugi autostrady.<\/p>\n\n\n\n<p class=\"wp-block-paragraph\">\u015amiertelne zdarzenie potwierdzi\u0142y stra\u017c po\u017carna i \u015bl\u0105ska policja, na kt\u00f3re powo\u0142uje si\u0119 Polsat News.<\/p>\n\n\n\n<p class=\"wp-block-paragraph\">Na miejsce skierowano liczne zast\u0119py stra\u017cy po\u017carnej oraz zespo\u0142y ratownictwa medycznego.<\/p>\n\n\n\n<p class=\"wp-block-paragraph\">W akcji uczestniczy\u0142y r\u00f3wnie\u017c \u015bmig\u0142owce Lotniczego Pogotowia Ratunkowego.<\/p>\n\n\n\n<p class=\"wp-block-paragraph\">S\u0142u\u017cby od pocz\u0105tku informowa\u0142y, \u017ce sytuacja jest bardzo powa\u017cna.<\/p>\n\n\n\n<p class=\"wp-block-paragraph\">Pierwsze informacje o zdarzeniu przekaza\u0142 oficer prasowy komendanta miejskiego PSP w Cz\u0119stochowie, m\u0142. bryg. Pawe\u0142 Liszaj.<\/p>\n\n\n\n<p class=\"wp-block-paragraph\">Szczeg\u00f3\u0142y dotycz\u0105ce wypadku poda\u0142a tak\u017ce \u015bl\u0105ska policja.<\/p>\n\n\n\n<p class=\"wp-block-paragraph\">M\u0142odsza aspirant And\u017celina Rochowiak z zespo\u0142u prasowego w Katowicach przekaza\u0142a w rozmowie z Polsat News, \u017ce na wysoko\u015bci Mykanowa dosz\u0142o do zdarzenia drogowego z udzia\u0142em pojazdu ci\u0119\u017carowego i pojazdu obs\u0142ugi autostrady.<\/p>\n\n\n\n<p class=\"wp-block-paragraph\">Z ustale\u0144 s\u0142u\u017cb wynika, \u017ce w wypadku bra\u0142y udzia\u0142 trzy pojazdy.<\/p>\n\n\n\n<p class=\"wp-block-paragraph\">By\u0142y to dwie ci\u0119\u017car\u00f3wki oraz bus.<\/p>\n\n\n\n<p class=\"wp-block-paragraph\">Jedna z ci\u0119\u017car\u00f3wek mia\u0142a wjecha\u0107 wprost w grup\u0119 robotnik\u00f3w i zaparkowany samoch\u00f3d obs\u0142ugi technicznej.<\/p>\n\n\n\n<p class=\"wp-block-paragraph\">Pocz\u0105tkowo informacje o liczbie ofiar by\u0142y aktualizowane w miar\u0119 nap\u0142ywu kolejnych danych.<\/p>\n\n\n\n<p class=\"wp-block-paragraph\">Najpierw m\u00f3wiono o trzech osobach zabitych.<\/p>\n\n\n\n<p class=\"wp-block-paragraph\">P\u00f3\u017aniej pojawi\u0142a si\u0119 informacja o czterech ofiarach.<\/p>\n\n\n\n<p class=\"wp-block-paragraph\">Ostatecznie potwierdzono, \u017ce w wypadku zgin\u0119\u0142o pi\u0119\u0107 os\u00f3b.<\/p>\n\n\n\n<p class=\"wp-block-paragraph\">Oficer dy\u017curny cz\u0119stochowskiej stra\u017cy po\u017carnej przekaza\u0142 portalowi czestochowa.naszemiasto.pl, \u017ce kierowca samochodu ci\u0119\u017carowego uderzy\u0142 w ekip\u0119 remontow\u0105.<\/p>\n\n\n\n<p class=\"wp-block-paragraph\">Jak poinformowa\u0142, pi\u0119\u0107 os\u00f3b nie \u017cyje.<\/p>\n\n\n\n<p class=\"wp-block-paragraph\">Po wypadku autostrada A1 zosta\u0142a zablokowana.<\/p>\n\n\n\n<p class=\"wp-block-paragraph\">Utrudnienia dotycz\u0105 jezdni w kierunku aglomeracji g\u00f3rno\u015bl\u0105skiej i po\u0142udniowej granicy kraju.<\/p>\n\n\n\n<p class=\"wp-block-paragraph\">Trasa zosta\u0142a ca\u0142kowicie zamkni\u0119ta przed zjazdem na Mykan\u00f3w.<\/p>\n\n\n\n<p class=\"wp-block-paragraph\">Przed miejscem tragedii zacz\u0119\u0142y tworzy\u0107 si\u0119 d\u0142ugie korki.<\/p>\n\n\n\n<p class=\"wp-block-paragraph\">Policja organizuje objazdy i kieruje kierowc\u00f3w na trasy alternatywne.<\/p>\n\n\n\n<p class=\"wp-block-paragraph\">M\u0142odsza aspirant And\u017celina Rochowiak przekaza\u0142a, \u017ce zablokowane s\u0105 pasy ruchu na autostradzie w stron\u0119 Gliwic.<\/p>\n\n\n\n<p class=\"wp-block-paragraph\">S\u0142u\u017cby apeluj\u0105 do kierowc\u00f3w o ostro\u017cno\u015b\u0107 oraz stosowanie si\u0119 do polece\u0144 funkcjonariuszy.<\/p>\n\n\n\n<p class=\"wp-block-paragraph\">Pa\u0144stwowa Stra\u017c Po\u017carna poinformowa\u0142a w mediach spo\u0142eczno\u015bciowych, \u017ce utrudnienia na autostradzie mog\u0105 potrwa\u0107 kilka godzin.<\/p>\n\n\n\n<p class=\"wp-block-paragraph\">Na miejscu ca\u0142y czas prowadzone s\u0105 czynno\u015bci s\u0142u\u017cb.<\/p>\n\n\n\n<p class=\"wp-block-paragraph\">Policjanci i prokurator b\u0119d\u0105 ustala\u0107 dok\u0142adne okoliczno\u015bci tragedii.<\/p>\n\n\n\n<p class=\"wp-block-paragraph\">Konieczne b\u0119dzie odtworzenie przebiegu zdarzenia, zabezpieczenie \u015blad\u00f3w oraz ustalenie, dlaczego ci\u0119\u017car\u00f3wka wjecha\u0142a w ekip\u0119 remontow\u0105.<\/p>\n\n\n\n<p class=\"wp-block-paragraph\">\u015aledczy b\u0119d\u0105 sprawdza\u0107 mi\u0119dzy innymi zachowanie kierowc\u00f3w, oznakowanie prac drogowych, ustawienie pojazd\u00f3w obs\u0142ugi technicznej oraz warunki panuj\u0105ce na trasie.<\/p>\n\n\n\n<p class=\"wp-block-paragraph\">Tragiczny wypadek na A1 doprowadzi\u0142 do ca\u0142kowitego parali\u017cu ruchu w rejonie Mykanowa.<\/p>\n\n\n\n<p class=\"wp-block-paragraph\">Najwa\u017cniejsze dzia\u0142ania s\u0142u\u017cb koncentruj\u0105 si\u0119 teraz na zabezpieczeniu miejsca zdarzenia, pomocy poszkodowanym oraz ustaleniu przyczyn katastrofy drogowej.<\/p>\n\n\n\n<p class=\"wp-block-paragraph\">To jedna z najtragiczniejszych informacji drogowych tego dnia.<\/p>\n\n\n\n<p class=\"wp-block-paragraph\">Pi\u0119\u0107 os\u00f3b nie \u017cyje po tym, jak ci\u0119\u017car\u00f3wka wjecha\u0142a w ekip\u0119 remontow\u0105 pracuj\u0105c\u0105 na autostradzie.<\/p>\n","protected":false},"excerpt":{"rendered":"Tragiczny wypadek na A1. Ci\u0119\u017car\u00f3wka wjecha\u0142a w ekip\u0119 remontow\u0105 Do tragicznego wypadku dosz\u0142o we wtorkowy poranek na autostradzie A1 w powiecie cz\u0119stochowskim. Ci\u0119\u017car\u00f3wka \n<a class=\"moretag\" href=\"https:\/\/strefa24.biz.ua\/?p=30038\"> [...]<\/a>","protected":false},"author":1,"featured_media":30039,"comment_status":"open","ping_status":"open","sticky":false,"template":"","format":"standard","meta":{"footnotes":""},"categories":[1],"tags":[],"class_list":["post-30038","post","type-post","status-publish","format-standard","has-post-thumbnail","hentry","category-blog"],"_links":{"self":[{"href":"https:\/\/strefa24.biz.ua\/index.php?rest_route=\/wp\/v2\/posts\/30038","targetHints":{"allow":["GET"]}}],"collection":[{"href":"https:\/\/strefa24.biz.ua\/index.php?rest_route=\/wp\/v2\/posts"}],"about":[{"href":"https:\/\/strefa24.biz.ua\/index.php?rest_route=\/wp\/v2\/types\/post"}],"author":[{"embeddable":true,"href":"https:\/\/strefa24.biz.ua\/index.php?rest_route=\/wp\/v2\/users\/1"}],"replies":[{"embeddable":true,"href":"https:\/\/strefa24.biz.ua\/index.php?rest_route=%2Fwp%2Fv2%2Fcomments&post=30038"}],"version-history":[{"count":1,"href":"https:\/\/strefa24.biz.ua\/index.php?rest_route=\/wp\/v2\/posts\/30038\/revisions"}],"predecessor-version":[{"id":30040,"href":"https:\/\/strefa24.biz.ua\/index.php?rest_route=\/wp\/v2\/posts\/30038\/revisions\/30040"}],"wp:featuredmedia":[{"embeddable":true,"href":"https:\/\/strefa24.biz.ua\/index.php?rest_route=\/wp\/v2\/media\/30039"}],"wp:attachment":[{"href":"https:\/\/strefa24.biz.ua\/index.php?rest_route=%2Fwp%2Fv2%2Fmedia&parent=30038"}],"wp:term":[{"taxonomy":"category","embeddable":true,"href":"https:\/\/strefa24.biz.ua\/index.php?rest_route=%2Fwp%2Fv2%2Fcategories&post=30038"},{"taxonomy":"post_tag","embeddable":true,"href":"https:\/\/strefa24.biz.ua\/index.php?rest_route=%2Fwp%2Fv2%2Ftags&post=30038"}],"curies":[{"name":"wp","href":"https:\/\/api.w.org\/{rel}","templated":true}]}}